{"id":2798,"date":"2019-12-14T17:36:23","date_gmt":"2019-12-14T20:36:23","guid":{"rendered":"http:\/\/lavozdetodos.com.ar\/?p=2798"},"modified":"2019-12-17T21:07:17","modified_gmt":"2019-12-18T00:07:17","slug":"talleres-de-formacion-profesional-para-el-2020","status":"publish","type":"post","link":"https:\/\/lavozdetodos.com.ar\/?p=2798","title":{"rendered":"Villa Elisa: Talleres de formaci\u00f3n profesional para el 2020"},"content":{"rendered":"<p>Villa Elisa.<\/p>\n<p style=\"font-weight: 400;\"><strong><em>Se present\u00f3 la solicitud para contar con talleres de vitralista, modisto, talabarter\u00eda, tapicer\u00eda, elaboraci\u00f3n de productos de panader\u00eda y pasteler\u00eda, inform\u00e1tica b\u00e1sica, dise\u00f1o gr\u00e1fico y de p\u00e1ginas Web y asistente en belleza integral.<\/em><\/strong><\/p>\n<p>&nbsp;<\/p>\n<p style=\"font-weight: 400;\">Desde el Municipio de Villa Elisa se solicitaron talleres dependientes de la Direcci\u00f3n de J\u00f3venes y Adultos para desarrollar en diversas instituciones de la ciudad durante el ciclo lectivo 2020.<\/p>\n<p>&nbsp;<\/p>\n<p style=\"font-weight: 400;\">La Presidente Municipal, Susana Lambert, mantuvo una reuni\u00f3n con Cecilia Tognolotti a cargo de la Direcci\u00f3n Departamental de Escuelas y las Supervisoras de Nivel Primario y Secundario a fin de coordinar el trabajo de ambas instituciones durante el pr\u00f3ximo ciclo lectivo.<\/p>\n<p>&nbsp;<\/p>\n<p style=\"font-weight: 400;\">El pedido desde Villa Elisa incluy\u00f3 los siguientes talleres: vitralista, modisto, talabarter\u00eda, tapicer\u00eda, elaboraci\u00f3n de productos de panader\u00eda y pasteler\u00eda, inform\u00e1tica b\u00e1sica, dise\u00f1o gr\u00e1fico y de p\u00e1ginas Web y asistente en belleza integral.<\/p>\n<p>&nbsp;<\/p>\n<p style=\"font-weight: 400;\">Los talleres representan una excelente oportunidad de formaci\u00f3n calificada, brindando la posibilidad a j\u00f3venes y adultos de la regi\u00f3n a formarse en oficios o profesiones, considerando las exigencias cada vez m\u00e1s precisas dentro de nuestra sociedad.<\/p>\n","protected":false},"excerpt":{"rendered":"<p>Villa Elisa. Se present\u00f3 la solicitud para contar con talleres de vitralista, modisto, talabarter\u00eda, tapicer\u00eda, elaboraci\u00f3n de productos de panader\u00eda y pasteler\u00eda, inform\u00e1tica b\u00e1sica, dise\u00f1o gr\u00e1fico y de p\u00e1ginas Web&#8230;<\/p>\n","protected":false},"author":5,"featured_media":2799,"comment_status":"closed","ping_status":"open","sticky":false,"template":"","format":"standard","meta":{"_kad_post_transparent":"","_kad_post_title":"","_kad_post_layout":"","_kad_post_sidebar_id":"","_kad_post_content_style":"","_kad_post_vertical_padding":"","_kad_post_feature":"","_kad_post_feature_position":"","_kad_post_header":false,"_kad_post_footer":false,"_kad_post_classname":"","footnotes":""},"categories":[8,1],"tags":[410,666,324],"class_list":["post-2798","post","type-post","status-publish","format-standard","has-post-thumbnail","hentry","category-locales","category-ultimas-noticias","tag-susana-lambert","tag-talleres-de-formacion-profesional-para-el-2020","tag-villa-elisa"],"_links":{"self":[{"href":"https:\/\/lavozdetodos.com.ar\/index.php?rest_route=\/wp\/v2\/posts\/2798","targetHints":{"allow":["GET"]}}],"collection":[{"href":"https:\/\/lavozdetodos.com.ar\/index.php?rest_route=\/wp\/v2\/posts"}],"about":[{"href":"https:\/\/lavozdetodos.com.ar\/index.php?rest_route=\/wp\/v2\/types\/post"}],"author":[{"embeddable":true,"href":"https:\/\/lavozdetodos.com.ar\/index.php?rest_route=\/wp\/v2\/users\/5"}],"replies":[{"embeddable":true,"href":"https:\/\/lavozdetodos.com.ar\/index.php?rest_route=%2Fwp%2Fv2%2Fcomments&post=2798"}],"version-history":[{"count":0,"href":"https:\/\/lavozdetodos.com.ar\/index.php?rest_route=\/wp\/v2\/posts\/2798\/revisions"}],"wp:featuredmedia":[{"embeddable":true,"href":"https:\/\/lavozdetodos.com.ar\/index.php?rest_route=\/wp\/v2\/media\/2799"}],"wp:attachment":[{"href":"https:\/\/lavozdetodos.com.ar\/index.php?rest_route=%2Fwp%2Fv2%2Fmedia&parent=2798"}],"wp:term":[{"taxonomy":"category","embeddable":true,"href":"https:\/\/lavozdetodos.com.ar\/index.php?rest_route=%2Fwp%2Fv2%2Fcategories&post=2798"},{"taxonomy":"post_tag","embeddable":true,"href":"https:\/\/lavozdetodos.com.ar\/index.php?rest_route=%2Fwp%2Fv2%2Ftags&post=2798"}],"curies":[{"name":"wp","href":"https:\/\/api.w.org\/{rel}","templated":true}]}}