{"id":4170,"date":"2021-06-03T17:01:31","date_gmt":"2021-06-03T20:01:31","guid":{"rendered":"https:\/\/lavozdetodos.com.ar\/?p=4170"},"modified":"2021-06-13T17:08:42","modified_gmt":"2021-06-13T20:08:42","slug":"en-pocas-horas-personal-de-division-investigaciones-recupero-dos-motos-sustraidas-en-un-mismo-domicilio","status":"publish","type":"post","link":"https:\/\/lavozdetodos.com.ar\/?p=4170","title":{"rendered":"En pocas horas personal de divisi\u00f3n investigaciones recuper\u00f3 dos motos sustra\u00eddas en un mismo domicilio"},"content":{"rendered":"<div class=\"kvgmc6g5 cxmmr5t8 oygrvhab hcukyx3x c1et5uql ii04i59q\">\n<div dir=\"auto\">En virtud de una denuncia radicada por una joven de 18 a\u00f1os, que fue v\u00edctima de la sustracci\u00f3n de su moto marca Motomel Blitz, en su domicilio de calle Evita, personal de divisi\u00f3n investigaciones, luego de averiguaciones practicadas, llevando a cabo una minuciosa tarea, analizando registros f\u00edlmicos de c\u00e1maras de seguridad, visualizan a bordo de un rodado con similares caracter\u00edsticas a dos masculinos. Atento a esto luego de una intensa b\u00fasqueda, por toda la ciudad, son interceptados en calle 24 y Bol\u00edvar de la ciudad de Col\u00f3n. Una vez comunicada la novedad al fiscal de turno se procedi\u00f3 al formal secuestro de esta moto y los j\u00f3venes, menores de edad son trasladados hasta dependencia policial, con asistencia del Anaf y luego de ser identificados fueron entregados a sus progenitores.<\/div>\n<div dir=\"auto\"><\/div>\n<\/div>\n<div dir=\"auto\"><\/div>\n<div dir=\"auto\"><img fetchpriority=\"high\" decoding=\"async\" class=\"size-medium wp-image-4171 alignleft\" src=\"https:\/\/lavozdetodos.com.ar\/wp-content\/uploads\/2021\/06\/193934473_3322983247804792_3500466703683692129_n-300x186.jpg\" alt=\"\" width=\"300\" height=\"186\" srcset=\"https:\/\/lavozdetodos.com.ar\/wp-content\/uploads\/2021\/06\/193934473_3322983247804792_3500466703683692129_n-300x186.jpg 300w, https:\/\/lavozdetodos.com.ar\/wp-content\/uploads\/2021\/06\/193934473_3322983247804792_3500466703683692129_n-1024x634.jpg 1024w, https:\/\/lavozdetodos.com.ar\/wp-content\/uploads\/2021\/06\/193934473_3322983247804792_3500466703683692129_n-768x475.jpg 768w, https:\/\/lavozdetodos.com.ar\/wp-content\/uploads\/2021\/06\/193934473_3322983247804792_3500466703683692129_n-230x144.jpg 230w, https:\/\/lavozdetodos.com.ar\/wp-content\/uploads\/2021\/06\/193934473_3322983247804792_3500466703683692129_n-115x72.jpg 115w, https:\/\/lavozdetodos.com.ar\/wp-content\/uploads\/2021\/06\/193934473_3322983247804792_3500466703683692129_n.jpg 1280w\" sizes=\"(max-width: 300px) 100vw, 300px\" \/><\/div>\n<div class=\"o9v6fnle cxmmr5t8 oygrvhab hcukyx3x c1et5uql ii04i59q\">\n<div dir=\"auto\">Con respecto a otra denuncia radicada por una ciudadana de 37 a\u00f1os, domiciliada tambi\u00e9n en el mismo lugar donde ocurri\u00f3 el primer hecho, quien manifest\u00f3 la sustracci\u00f3n de su moto Honda Biz 125 cc. Personal de robos y hurtos dependientes de divisi\u00f3n investigaciones, luego de un arduo trabajo de calle y an\u00e1lisis de datos recabados, se constituy\u00f3 en un domicilio, ubicado sobre calle Paso de los Andes, de barrio Santos Justo y Pastor, lugar donde su morador, un joven de 26 a\u00f1os, ten\u00eda en su poder el rodado sustra\u00eddo, sin sus carenados correspondientes, manifestando que este hab\u00eda sido entregado por un menor de edad, joven que se encuentra sindicado como part\u00edcipe en el otro hecho. Consecuentemente se procedi\u00f3 al formal secuestro de esta moto, quedando supeditados a la causa que se investiga estos menores de edad.<\/div>\n<\/div>\n","protected":false},"excerpt":{"rendered":"<p>En virtud de una denuncia radicada por una joven de 18 a\u00f1os, que fue v\u00edctima de la sustracci\u00f3n de su moto marca Motomel Blitz, en su domicilio de calle Evita,&#8230;<\/p>\n","protected":false},"author":5,"featured_media":4172,"comment_status":"closed","ping_status":"closed","sticky":false,"template":"","format":"standard","meta":{"_kad_post_transparent":"","_kad_post_title":"","_kad_post_layout":"","_kad_post_sidebar_id":"","_kad_post_content_style":"","_kad_post_vertical_padding":"","_kad_post_feature":"","_kad_post_feature_position":"","_kad_post_header":false,"_kad_post_footer":false,"_kad_post_classname":"","footnotes":""},"categories":[8,1],"tags":[],"class_list":["post-4170","post","type-post","status-publish","format-standard","has-post-thumbnail","hentry","category-locales","category-ultimas-noticias"],"_links":{"self":[{"href":"https:\/\/lavozdetodos.com.ar\/index.php?rest_route=\/wp\/v2\/posts\/4170","targetHints":{"allow":["GET"]}}],"collection":[{"href":"https:\/\/lavozdetodos.com.ar\/index.php?rest_route=\/wp\/v2\/posts"}],"about":[{"href":"https:\/\/lavozdetodos.com.ar\/index.php?rest_route=\/wp\/v2\/types\/post"}],"author":[{"embeddable":true,"href":"https:\/\/lavozdetodos.com.ar\/index.php?rest_route=\/wp\/v2\/users\/5"}],"replies":[{"embeddable":true,"href":"https:\/\/lavozdetodos.com.ar\/index.php?rest_route=%2Fwp%2Fv2%2Fcomments&post=4170"}],"version-history":[{"count":0,"href":"https:\/\/lavozdetodos.com.ar\/index.php?rest_route=\/wp\/v2\/posts\/4170\/revisions"}],"wp:featuredmedia":[{"embeddable":true,"href":"https:\/\/lavozdetodos.com.ar\/index.php?rest_route=\/wp\/v2\/media\/4172"}],"wp:attachment":[{"href":"https:\/\/lavozdetodos.com.ar\/index.php?rest_route=%2Fwp%2Fv2%2Fmedia&parent=4170"}],"wp:term":[{"taxonomy":"category","embeddable":true,"href":"https:\/\/lavozdetodos.com.ar\/index.php?rest_route=%2Fwp%2Fv2%2Fcategories&post=4170"},{"taxonomy":"post_tag","embeddable":true,"href":"https:\/\/lavozdetodos.com.ar\/index.php?rest_route=%2Fwp%2Fv2%2Ftags&post=4170"}],"curies":[{"name":"wp","href":"https:\/\/api.w.org\/{rel}","templated":true}]}}