{"id":4303,"date":"2021-07-05T21:47:12","date_gmt":"2021-07-06T00:47:12","guid":{"rendered":"https:\/\/lavozdetodos.com.ar\/?p=4303"},"modified":"2021-07-18T21:48:27","modified_gmt":"2021-07-19T00:48:27","slug":"inicio-una-nueva-obra-de-cordon-cuneta-sobre-calle-guex-de-villa-elisa","status":"publish","type":"post","link":"https:\/\/lavozdetodos.com.ar\/?p=4303","title":{"rendered":"Inici\u00f3 una nueva obra de cord\u00f3n cuneta sobre calle Guex de Villa Elisa"},"content":{"rendered":"<p style=\"font-weight: 400;\"><em>Como parte de las intervenciones que se vienen realizando en la ciudad con el objeto de mejorar el escurrimiento del agua.<\/em><\/p>\n<p>&nbsp;<\/p>\n<p style=\"font-weight: 400;\">Personal de Obras P\u00fablicas dio inicio esta semana a un nuevo tramo de cord\u00f3n cuneta sobre Bvard. Guex al 1800. Como parte de las intervenciones que se vienen realizando en la ciudad con el objeto de mejorar el escurrimiento del agua, se realizar\u00e1n all\u00ed cien metros de cord\u00f3n sobre el lateral urbanizado.<\/p>\n<p>&nbsp;<\/p>\n<p style=\"font-weight: 400;\">La obra fue requerida por los vecinos con el objeto de mejorar las condiciones del lugar y posterior al registro de oposici\u00f3n correspondiente se iniciaron las tareas.<\/p>\n<p>&nbsp;<\/p>\n<p style=\"font-weight: 400;\">Simult\u00e1neamente, otras cuadrillas contin\u00faan trabajando en calle Castelli avanzando con la obra de adoquinado y en otros sectores de la ciudad en m\u00faltiples mejoras.<\/p>\n","protected":false},"excerpt":{"rendered":"<p>Como parte de las intervenciones que se vienen realizando en la ciudad con el objeto de mejorar el escurrimiento del agua. &nbsp; Personal de Obras P\u00fablicas dio inicio esta semana&#8230;<\/p>\n","protected":false},"author":5,"featured_media":4304,"comment_status":"closed","ping_status":"closed","sticky":false,"template":"","format":"standard","meta":{"_kad_post_transparent":"","_kad_post_title":"","_kad_post_layout":"","_kad_post_sidebar_id":"","_kad_post_content_style":"","_kad_post_vertical_padding":"","_kad_post_feature":"","_kad_post_feature_position":"","_kad_post_header":false,"_kad_post_footer":false,"_kad_post_classname":"","footnotes":""},"categories":[8,1],"tags":[],"class_list":["post-4303","post","type-post","status-publish","format-standard","has-post-thumbnail","hentry","category-locales","category-ultimas-noticias"],"_links":{"self":[{"href":"https:\/\/lavozdetodos.com.ar\/index.php?rest_route=\/wp\/v2\/posts\/4303","targetHints":{"allow":["GET"]}}],"collection":[{"href":"https:\/\/lavozdetodos.com.ar\/index.php?rest_route=\/wp\/v2\/posts"}],"about":[{"href":"https:\/\/lavozdetodos.com.ar\/index.php?rest_route=\/wp\/v2\/types\/post"}],"author":[{"embeddable":true,"href":"https:\/\/lavozdetodos.com.ar\/index.php?rest_route=\/wp\/v2\/users\/5"}],"replies":[{"embeddable":true,"href":"https:\/\/lavozdetodos.com.ar\/index.php?rest_route=%2Fwp%2Fv2%2Fcomments&post=4303"}],"version-history":[{"count":0,"href":"https:\/\/lavozdetodos.com.ar\/index.php?rest_route=\/wp\/v2\/posts\/4303\/revisions"}],"wp:featuredmedia":[{"embeddable":true,"href":"https:\/\/lavozdetodos.com.ar\/index.php?rest_route=\/wp\/v2\/media\/4304"}],"wp:attachment":[{"href":"https:\/\/lavozdetodos.com.ar\/index.php?rest_route=%2Fwp%2Fv2%2Fmedia&parent=4303"}],"wp:term":[{"taxonomy":"category","embeddable":true,"href":"https:\/\/lavozdetodos.com.ar\/index.php?rest_route=%2Fwp%2Fv2%2Fcategories&post=4303"},{"taxonomy":"post_tag","embeddable":true,"href":"https:\/\/lavozdetodos.com.ar\/index.php?rest_route=%2Fwp%2Fv2%2Ftags&post=4303"}],"curies":[{"name":"wp","href":"https:\/\/api.w.org\/{rel}","templated":true}]}}