{"id":4388,"date":"2021-08-13T16:14:20","date_gmt":"2021-08-13T19:14:20","guid":{"rendered":"https:\/\/lavozdetodos.com.ar\/?p=4388"},"modified":"2021-08-16T16:15:23","modified_gmt":"2021-08-16T19:15:23","slug":"importantes-avances-en-torno-a-la-obra-de-cordon-cuneta-en-bvard-guex","status":"publish","type":"post","link":"https:\/\/lavozdetodos.com.ar\/?p=4388","title":{"rendered":"Importantes avances en torno a la obra de cord\u00f3n cuneta en Bvard. Guex"},"content":{"rendered":"<p style=\"font-weight: 400;\"><em>La ampliaci\u00f3n en el sistema de cord\u00f3n cuneta permitir\u00e1 conducir un mayor volumen de aguas pluviales hacia los canales de evacuaci\u00f3n.<\/em><\/p>\n<p>&nbsp;<\/p>\n<p style=\"font-weight: 400;\">Una cuadrilla dependiente de Obras P\u00fablicas trabaja en Bvard. Guex al 1800, entre Bvard. Schroeder y calle Gral. Las Heras dando continuidad a la obra de cord\u00f3n cuneta que actualmente se ejecuta sobre ambos m\u00e1rgenes rellenando con hormig\u00f3n los 200 metros lineales proyectados.<\/p>\n<p>&nbsp;<\/p>\n<p style=\"font-weight: 400;\">Concluida dicha tarea, personal municipal se traslad\u00f3 a pocos metros del lugar donde se inici\u00f3 una nueva intervenci\u00f3n para la concreci\u00f3n de otros 200 metros lineales de cord\u00f3n cuneta, que tambi\u00e9n se ejecutar\u00e1n sobre Bvard. Guex, en este caso entre calles Gral. Las Heras y Gral. Olavarr\u00eda sobre el lateral urbanizado.<\/p>\n<p>&nbsp;<\/p>\n<p style=\"font-weight: 400;\">De esta manera, la ampliaci\u00f3n de los desag\u00fces pluviales en este sector de la ciudad brindar\u00e1 a los vecinos del lugar un servicio de mayor calidad, permitiendo el escurrimiento del agua de lluvia hacia los canales de evacuaci\u00f3n correspondientes.<\/p>\n","protected":false},"excerpt":{"rendered":"<p>La ampliaci\u00f3n en el sistema de cord\u00f3n cuneta permitir\u00e1 conducir un mayor volumen de aguas pluviales hacia los canales de evacuaci\u00f3n. &nbsp; Una cuadrilla dependiente de Obras P\u00fablicas trabaja en&#8230;<\/p>\n","protected":false},"author":5,"featured_media":4389,"comment_status":"closed","ping_status":"closed","sticky":false,"template":"","format":"standard","meta":{"_kad_post_transparent":"","_kad_post_title":"","_kad_post_layout":"","_kad_post_sidebar_id":"","_kad_post_content_style":"","_kad_post_vertical_padding":"","_kad_post_feature":"","_kad_post_feature_position":"","_kad_post_header":false,"_kad_post_footer":false,"_kad_post_classname":"","footnotes":""},"categories":[8,1],"tags":[],"class_list":["post-4388","post","type-post","status-publish","format-standard","has-post-thumbnail","hentry","category-locales","category-ultimas-noticias"],"_links":{"self":[{"href":"https:\/\/lavozdetodos.com.ar\/index.php?rest_route=\/wp\/v2\/posts\/4388","targetHints":{"allow":["GET"]}}],"collection":[{"href":"https:\/\/lavozdetodos.com.ar\/index.php?rest_route=\/wp\/v2\/posts"}],"about":[{"href":"https:\/\/lavozdetodos.com.ar\/index.php?rest_route=\/wp\/v2\/types\/post"}],"author":[{"embeddable":true,"href":"https:\/\/lavozdetodos.com.ar\/index.php?rest_route=\/wp\/v2\/users\/5"}],"replies":[{"embeddable":true,"href":"https:\/\/lavozdetodos.com.ar\/index.php?rest_route=%2Fwp%2Fv2%2Fcomments&post=4388"}],"version-history":[{"count":0,"href":"https:\/\/lavozdetodos.com.ar\/index.php?rest_route=\/wp\/v2\/posts\/4388\/revisions"}],"wp:featuredmedia":[{"embeddable":true,"href":"https:\/\/lavozdetodos.com.ar\/index.php?rest_route=\/wp\/v2\/media\/4389"}],"wp:attachment":[{"href":"https:\/\/lavozdetodos.com.ar\/index.php?rest_route=%2Fwp%2Fv2%2Fmedia&parent=4388"}],"wp:term":[{"taxonomy":"category","embeddable":true,"href":"https:\/\/lavozdetodos.com.ar\/index.php?rest_route=%2Fwp%2Fv2%2Fcategories&post=4388"},{"taxonomy":"post_tag","embeddable":true,"href":"https:\/\/lavozdetodos.com.ar\/index.php?rest_route=%2Fwp%2Fv2%2Ftags&post=4388"}],"curies":[{"name":"wp","href":"https:\/\/api.w.org\/{rel}","templated":true}]}}