{"id":4728,"date":"2021-12-28T21:41:16","date_gmt":"2021-12-29T00:41:16","guid":{"rendered":"https:\/\/lavozdetodos.com.ar\/?p=4728"},"modified":"2022-01-02T21:42:09","modified_gmt":"2022-01-03T00:42:09","slug":"personal-policial-recupero-moto-que-habia-sido-sustraida","status":"publish","type":"post","link":"https:\/\/lavozdetodos.com.ar\/?p=4728","title":{"rendered":"Personal Policial recuper\u00f3 moto que hab\u00eda sido sustra\u00edda"},"content":{"rendered":"<p style=\"font-weight: 400;\">A ra\u00edz de haberse recepcionado un llamado telef\u00f3nico por parte de Vecinos donde informan sobre un Motoveh\u00edculo abandonado en la intersecci\u00f3n de Combatientes de Malvinas y Pasaje Alarc\u00f3n de la ciudad de Col\u00f3n. Personal que se encontraba realizando recorridas de prevenci\u00f3n, se hacen presente en el lugar y corroboran lo narrado, constatando un rodado, que al ser inspeccionado se pudo verificar que corresponder\u00eda al denunciado como sustra\u00eddo el d\u00eda domingo 26 de diciembre del corriente a\u00f1o. Se da aviso lo acontecido a la fiscal de turno dra Noelia Batto y se procede al formal secuestro de esta moto. Continuando con las actuaciones de rigor.<\/p>\n","protected":false},"excerpt":{"rendered":"<p>A ra\u00edz de haberse recepcionado un llamado telef\u00f3nico por parte de Vecinos donde informan sobre un Motoveh\u00edculo abandonado en la intersecci\u00f3n de Combatientes de Malvinas y Pasaje Alarc\u00f3n de la&#8230;<\/p>\n","protected":false},"author":5,"featured_media":4729,"comment_status":"closed","ping_status":"closed","sticky":false,"template":"","format":"standard","meta":{"_kad_post_transparent":"","_kad_post_title":"","_kad_post_layout":"","_kad_post_sidebar_id":"","_kad_post_content_style":"","_kad_post_vertical_padding":"","_kad_post_feature":"","_kad_post_feature_position":"","_kad_post_header":false,"_kad_post_footer":false,"_kad_post_classname":"","footnotes":""},"categories":[8,1],"tags":[],"class_list":["post-4728","post","type-post","status-publish","format-standard","has-post-thumbnail","hentry","category-locales","category-ultimas-noticias"],"_links":{"self":[{"href":"https:\/\/lavozdetodos.com.ar\/index.php?rest_route=\/wp\/v2\/posts\/4728","targetHints":{"allow":["GET"]}}],"collection":[{"href":"https:\/\/lavozdetodos.com.ar\/index.php?rest_route=\/wp\/v2\/posts"}],"about":[{"href":"https:\/\/lavozdetodos.com.ar\/index.php?rest_route=\/wp\/v2\/types\/post"}],"author":[{"embeddable":true,"href":"https:\/\/lavozdetodos.com.ar\/index.php?rest_route=\/wp\/v2\/users\/5"}],"replies":[{"embeddable":true,"href":"https:\/\/lavozdetodos.com.ar\/index.php?rest_route=%2Fwp%2Fv2%2Fcomments&post=4728"}],"version-history":[{"count":0,"href":"https:\/\/lavozdetodos.com.ar\/index.php?rest_route=\/wp\/v2\/posts\/4728\/revisions"}],"wp:featuredmedia":[{"embeddable":true,"href":"https:\/\/lavozdetodos.com.ar\/index.php?rest_route=\/wp\/v2\/media\/4729"}],"wp:attachment":[{"href":"https:\/\/lavozdetodos.com.ar\/index.php?rest_route=%2Fwp%2Fv2%2Fmedia&parent=4728"}],"wp:term":[{"taxonomy":"category","embeddable":true,"href":"https:\/\/lavozdetodos.com.ar\/index.php?rest_route=%2Fwp%2Fv2%2Fcategories&post=4728"},{"taxonomy":"post_tag","embeddable":true,"href":"https:\/\/lavozdetodos.com.ar\/index.php?rest_route=%2Fwp%2Fv2%2Ftags&post=4728"}],"curies":[{"name":"wp","href":"https:\/\/api.w.org\/{rel}","templated":true}]}}