{"id":5339,"date":"2022-08-09T18:49:27","date_gmt":"2022-08-09T21:49:27","guid":{"rendered":"https:\/\/lavozdetodos.com.ar\/?p=5339"},"modified":"2022-09-26T18:51:33","modified_gmt":"2022-09-26T21:51:33","slug":"iniciaron-los-trabajos-en-el-predio-destinado-a-la-plaza-educativa-de-especies-nativas-en-villa-elisa","status":"publish","type":"post","link":"https:\/\/lavozdetodos.com.ar\/?p=5339","title":{"rendered":"Iniciaron los trabajos en el predio destinado a la Plaza educativa de Especies Nativas en Villa Elisa"},"content":{"rendered":"<div class=\"et_pb_module et_pb_post_title et_pb_post_title_0_tb_body et_pb_bg_layout_light  et_pb_text_align_left\">\n<div class=\"et_pb_title_container\">\n<p class=\"et_pb_title_meta_container\"><strong>\u2063<em>Est\u00e1 ubicada en la zona residencial 3, entre las calles Hip\u00f3lito Irigoyen, Villaguay y Tomas de Rocamora, se han venido plantando desde hace tiempo especies aut\u00f3ctonas de nuestra regi\u00f3n.\u00a0<\/em><\/strong><em>\u2063<\/em><\/p>\n<\/div>\n<\/div>\n<div class=\"et_pb_module et_pb_post_content et_pb_post_content_0_tb_body post-content-spacing\">\n<p>Desde la Municipalidad de Villa Elisa se viene trabajando en este innovador proyecto de contar con una plaza de especies nativas con un fin educativo-recreativo. En el espacio destinado para ella, ubicado en la zona residencial 3, entre las calles Hip\u00f3lito Irigoyen, Villaguay y Tomas de Rocamora, se han venido plantando desde hace tiempo especies aut\u00f3ctonas de nuestra regi\u00f3n.\u00a0\u2063<span id=\"more-251886\"><\/span><\/p>\n<p>En estos d\u00edas, adem\u00e1s inici\u00f3 la construcci\u00f3n del cord\u00f3n cuneta que dar\u00e1 marco al predio cuya superficie alcanza los 8392 m2.<\/p>\n<p>El proyecto busca poner de relieve la flora aut\u00f3ctona de Entre R\u00edos y las buenas pr\u00e1cticas para conservar estos ecosistemas en un espacio dise\u00f1ado para tal fin. Adem\u00e1s, contempla la colocaci\u00f3n de alumbrado p\u00fablico, construcci\u00f3n de veredas y la ubicaci\u00f3n de juegos infantiles, tambi\u00e9n bancos como sectores de descanso y contemplaci\u00f3n.<\/p>\n<p>Cabe recordar que este proyecto se lleva adelante mediante el aporte econ\u00f3mico realizado por el\u00a0Ministerio de Ambiente de la Naci\u00f3n, que alcanza los 14 millones de pesos.<\/p>\n<\/div>\n","protected":false},"excerpt":{"rendered":"<p>\u2063Est\u00e1 ubicada en la zona residencial 3, entre las calles Hip\u00f3lito Irigoyen, Villaguay y Tomas de Rocamora, se han venido plantando desde hace tiempo especies aut\u00f3ctonas de nuestra regi\u00f3n.\u00a0\u2063 Desde&#8230;<\/p>\n","protected":false},"author":5,"featured_media":5340,"comment_status":"closed","ping_status":"closed","sticky":false,"template":"","format":"standard","meta":{"_kad_post_transparent":"","_kad_post_title":"","_kad_post_layout":"","_kad_post_sidebar_id":"","_kad_post_content_style":"","_kad_post_vertical_padding":"","_kad_post_feature":"","_kad_post_feature_position":"","_kad_post_header":false,"_kad_post_footer":false,"_kad_post_classname":"","footnotes":""},"categories":[8,1],"tags":[],"class_list":["post-5339","post","type-post","status-publish","format-standard","has-post-thumbnail","hentry","category-locales","category-ultimas-noticias"],"_links":{"self":[{"href":"https:\/\/lavozdetodos.com.ar\/index.php?rest_route=\/wp\/v2\/posts\/5339","targetHints":{"allow":["GET"]}}],"collection":[{"href":"https:\/\/lavozdetodos.com.ar\/index.php?rest_route=\/wp\/v2\/posts"}],"about":[{"href":"https:\/\/lavozdetodos.com.ar\/index.php?rest_route=\/wp\/v2\/types\/post"}],"author":[{"embeddable":true,"href":"https:\/\/lavozdetodos.com.ar\/index.php?rest_route=\/wp\/v2\/users\/5"}],"replies":[{"embeddable":true,"href":"https:\/\/lavozdetodos.com.ar\/index.php?rest_route=%2Fwp%2Fv2%2Fcomments&post=5339"}],"version-history":[{"count":0,"href":"https:\/\/lavozdetodos.com.ar\/index.php?rest_route=\/wp\/v2\/posts\/5339\/revisions"}],"wp:featuredmedia":[{"embeddable":true,"href":"https:\/\/lavozdetodos.com.ar\/index.php?rest_route=\/wp\/v2\/media\/5340"}],"wp:attachment":[{"href":"https:\/\/lavozdetodos.com.ar\/index.php?rest_route=%2Fwp%2Fv2%2Fmedia&parent=5339"}],"wp:term":[{"taxonomy":"category","embeddable":true,"href":"https:\/\/lavozdetodos.com.ar\/index.php?rest_route=%2Fwp%2Fv2%2Fcategories&post=5339"},{"taxonomy":"post_tag","embeddable":true,"href":"https:\/\/lavozdetodos.com.ar\/index.php?rest_route=%2Fwp%2Fv2%2Ftags&post=5339"}],"curies":[{"name":"wp","href":"https:\/\/api.w.org\/{rel}","templated":true}]}}