{"id":5386,"date":"2022-10-23T18:50:37","date_gmt":"2022-10-23T21:50:37","guid":{"rendered":"https:\/\/lavozdetodos.com.ar\/?p=5386"},"modified":"2023-06-19T17:30:21","modified_gmt":"2023-06-19T20:30:21","slug":"se-recupero-hoy-en-barrio-el-brillante-una-moto-sustraida-ayer-en-colon","status":"publish","type":"post","link":"https:\/\/lavozdetodos.com.ar\/?p=5386","title":{"rendered":"Se recuper\u00f3 hoy, en Barrio El Brillante, una moto sustra\u00edda ayer en Col\u00f3n"},"content":{"rendered":"<p>Mientras personal de Comisar\u00eda la Picada, se encontraba realizando recorridas de prevenci\u00f3n en inmediaciones de barrio 64 viviendas, de barrio el brillante, visualizan frente a un \u00e1rbol una moto abandonada,\u00a0 siendo \u00e9sta coincidente con la denunciada como sustra\u00edda el d\u00eda de ayer en una vivienda, ubicada sobre calle Evita, de la ciudad de Col\u00f3n. Se procede al formal secuestro de este rodado con conocimiento de la unidad fiscal de Col\u00f3n.<\/p>\n","protected":false},"excerpt":{"rendered":"<p>Mientras personal de Comisar\u00eda la Picada, se encontraba realizando recorridas de prevenci\u00f3n en inmediaciones de barrio 64 viviendas, de barrio el brillante, visualizan frente a un \u00e1rbol una moto abandonada,\u00a0&#8230;<\/p>\n","protected":false},"author":5,"featured_media":5387,"comment_status":"closed","ping_status":"closed","sticky":false,"template":"","format":"standard","meta":{"_kad_post_transparent":"","_kad_post_title":"","_kad_post_layout":"","_kad_post_sidebar_id":"","_kad_post_content_style":"","_kad_post_vertical_padding":"","_kad_post_feature":"","_kad_post_feature_position":"","_kad_post_header":false,"_kad_post_footer":false,"_kad_post_classname":"","footnotes":""},"categories":[8,1],"tags":[],"class_list":["post-5386","post","type-post","status-publish","format-standard","has-post-thumbnail","hentry","category-locales","category-ultimas-noticias"],"_links":{"self":[{"href":"https:\/\/lavozdetodos.com.ar\/index.php?rest_route=\/wp\/v2\/posts\/5386","targetHints":{"allow":["GET"]}}],"collection":[{"href":"https:\/\/lavozdetodos.com.ar\/index.php?rest_route=\/wp\/v2\/posts"}],"about":[{"href":"https:\/\/lavozdetodos.com.ar\/index.php?rest_route=\/wp\/v2\/types\/post"}],"author":[{"embeddable":true,"href":"https:\/\/lavozdetodos.com.ar\/index.php?rest_route=\/wp\/v2\/users\/5"}],"replies":[{"embeddable":true,"href":"https:\/\/lavozdetodos.com.ar\/index.php?rest_route=%2Fwp%2Fv2%2Fcomments&post=5386"}],"version-history":[{"count":0,"href":"https:\/\/lavozdetodos.com.ar\/index.php?rest_route=\/wp\/v2\/posts\/5386\/revisions"}],"wp:featuredmedia":[{"embeddable":true,"href":"https:\/\/lavozdetodos.com.ar\/index.php?rest_route=\/wp\/v2\/media\/5387"}],"wp:attachment":[{"href":"https:\/\/lavozdetodos.com.ar\/index.php?rest_route=%2Fwp%2Fv2%2Fmedia&parent=5386"}],"wp:term":[{"taxonomy":"category","embeddable":true,"href":"https:\/\/lavozdetodos.com.ar\/index.php?rest_route=%2Fwp%2Fv2%2Fcategories&post=5386"},{"taxonomy":"post_tag","embeddable":true,"href":"https:\/\/lavozdetodos.com.ar\/index.php?rest_route=%2Fwp%2Fv2%2Ftags&post=5386"}],"curies":[{"name":"wp","href":"https:\/\/api.w.org\/{rel}","templated":true}]}}