{"id":5509,"date":"2022-10-26T12:11:52","date_gmt":"2022-10-26T15:11:52","guid":{"rendered":"https:\/\/lavozdetodos.com.ar\/?p=5509"},"modified":"2023-06-19T17:30:07","modified_gmt":"2023-06-19T20:30:07","slug":"se-realizara-el-5o-encuentro-cultural-de-adultos-y-adultos-mayores-en-colon","status":"publish","type":"post","link":"https:\/\/lavozdetodos.com.ar\/?p=5509","title":{"rendered":"Se realizar\u00e1 el 5\u00ba Encuentro Cultural de Adultos y Adultos Mayores en Col\u00f3n"},"content":{"rendered":"<p>El evento se llevar\u00e1 a cabo el pr\u00f3ximo\u00a0<em>viernes 28 de octubre<\/em>\u00a0<em>a las 19 horas<\/em>\u00a0en la\u00a0<em>Casa del Bicentenario<\/em>\u00a0(Bvard. Gaillard 179).<\/p>\n<p>Participar\u00e1n\u00a0<em>agrupaciones de adultos mayores<\/em>\u00a0de la zona representando diferentes expresiones art\u00edsticas. Cabe destacar que\u00a0<strong>la entrada ser\u00e1 un alimento no perecedero o un art\u00edculo de limpieza a beneficio de AdcaDis.<\/strong>\u00a0Acompa\u00f1a la\u00a0<em>agrupaci\u00f3n Juntos por el Arte<\/em>.<\/p>\n","protected":false},"excerpt":{"rendered":"<p>El evento se llevar\u00e1 a cabo el pr\u00f3ximo\u00a0viernes 28 de octubre\u00a0a las 19 horas\u00a0en la\u00a0Casa del Bicentenario\u00a0(Bvard. Gaillard 179). Participar\u00e1n\u00a0agrupaciones de adultos mayores\u00a0de la zona representando diferentes expresiones art\u00edsticas. Cabe&#8230;<\/p>\n","protected":false},"author":5,"featured_media":5510,"comment_status":"closed","ping_status":"closed","sticky":false,"template":"","format":"standard","meta":{"_kad_post_transparent":"","_kad_post_title":"","_kad_post_layout":"","_kad_post_sidebar_id":"","_kad_post_content_style":"","_kad_post_vertical_padding":"","_kad_post_feature":"","_kad_post_feature_position":"","_kad_post_header":false,"_kad_post_footer":false,"_kad_post_classname":"","footnotes":""},"categories":[8,1],"tags":[],"class_list":["post-5509","post","type-post","status-publish","format-standard","has-post-thumbnail","hentry","category-locales","category-ultimas-noticias"],"_links":{"self":[{"href":"https:\/\/lavozdetodos.com.ar\/index.php?rest_route=\/wp\/v2\/posts\/5509","targetHints":{"allow":["GET"]}}],"collection":[{"href":"https:\/\/lavozdetodos.com.ar\/index.php?rest_route=\/wp\/v2\/posts"}],"about":[{"href":"https:\/\/lavozdetodos.com.ar\/index.php?rest_route=\/wp\/v2\/types\/post"}],"author":[{"embeddable":true,"href":"https:\/\/lavozdetodos.com.ar\/index.php?rest_route=\/wp\/v2\/users\/5"}],"replies":[{"embeddable":true,"href":"https:\/\/lavozdetodos.com.ar\/index.php?rest_route=%2Fwp%2Fv2%2Fcomments&post=5509"}],"version-history":[{"count":0,"href":"https:\/\/lavozdetodos.com.ar\/index.php?rest_route=\/wp\/v2\/posts\/5509\/revisions"}],"wp:featuredmedia":[{"embeddable":true,"href":"https:\/\/lavozdetodos.com.ar\/index.php?rest_route=\/wp\/v2\/media\/5510"}],"wp:attachment":[{"href":"https:\/\/lavozdetodos.com.ar\/index.php?rest_route=%2Fwp%2Fv2%2Fmedia&parent=5509"}],"wp:term":[{"taxonomy":"category","embeddable":true,"href":"https:\/\/lavozdetodos.com.ar\/index.php?rest_route=%2Fwp%2Fv2%2Fcategories&post=5509"},{"taxonomy":"post_tag","embeddable":true,"href":"https:\/\/lavozdetodos.com.ar\/index.php?rest_route=%2Fwp%2Fv2%2Ftags&post=5509"}],"curies":[{"name":"wp","href":"https:\/\/api.w.org\/{rel}","templated":true}]}}