{"id":5692,"date":"2022-11-11T11:00:31","date_gmt":"2022-11-11T14:00:31","guid":{"rendered":"https:\/\/lavozdetodos.com.ar\/?p=5692"},"modified":"2023-06-19T17:45:17","modified_gmt":"2023-06-19T20:45:17","slug":"detencion-de-un-masculino-por-desobediencia-judicial-en-san-jose","status":"publish","type":"post","link":"https:\/\/lavozdetodos.com.ar\/?p=5692","title":{"rendered":"Detenci\u00f3n de un masculino por\u00a0desobediencia\u00a0judicial en San Jos\u00e9"},"content":{"rendered":"<p style=\"font-weight: 400;\"><strong><u>Detenci\u00f3n de un masculino por\u00a0desobediencia\u00a0judicial<\/u><\/strong><\/p>\n<p style=\"font-weight: 400;\">En relaci\u00f3n a una causa por violencia de g\u00e9nero, en horas de la noche de la v\u00edspera, personal de Comisar\u00eda San Jos\u00e9 procedi\u00f3 a la aprehensi\u00f3n de un ciudadano de 29 a\u00f1os,\u00a0quien habr\u00eda quebrantado las medidas judiciales en vigencia de prohibici\u00f3n de acercamiento\u00a0de su ex pareja. Este sujeto fue trasladado hasta la Jefatura Departamental, donde qued\u00f3 alojado a disposici\u00f3n de la Unidad Fiscal de Col\u00f3n.<\/p>\n","protected":false},"excerpt":{"rendered":"<p>Detenci\u00f3n de un masculino por\u00a0desobediencia\u00a0judicial En relaci\u00f3n a una causa por violencia de g\u00e9nero, en horas de la noche de la v\u00edspera, personal de Comisar\u00eda San Jos\u00e9 procedi\u00f3 a la&#8230;<\/p>\n","protected":false},"author":5,"featured_media":5694,"comment_status":"closed","ping_status":"closed","sticky":false,"template":"","format":"standard","meta":{"_kad_post_transparent":"","_kad_post_title":"","_kad_post_layout":"","_kad_post_sidebar_id":"","_kad_post_content_style":"","_kad_post_vertical_padding":"","_kad_post_feature":"","_kad_post_feature_position":"","_kad_post_header":false,"_kad_post_footer":false,"_kad_post_classname":"","footnotes":""},"categories":[8,1],"tags":[],"class_list":["post-5692","post","type-post","status-publish","format-standard","has-post-thumbnail","hentry","category-locales","category-ultimas-noticias"],"_links":{"self":[{"href":"https:\/\/lavozdetodos.com.ar\/index.php?rest_route=\/wp\/v2\/posts\/5692","targetHints":{"allow":["GET"]}}],"collection":[{"href":"https:\/\/lavozdetodos.com.ar\/index.php?rest_route=\/wp\/v2\/posts"}],"about":[{"href":"https:\/\/lavozdetodos.com.ar\/index.php?rest_route=\/wp\/v2\/types\/post"}],"author":[{"embeddable":true,"href":"https:\/\/lavozdetodos.com.ar\/index.php?rest_route=\/wp\/v2\/users\/5"}],"replies":[{"embeddable":true,"href":"https:\/\/lavozdetodos.com.ar\/index.php?rest_route=%2Fwp%2Fv2%2Fcomments&post=5692"}],"version-history":[{"count":0,"href":"https:\/\/lavozdetodos.com.ar\/index.php?rest_route=\/wp\/v2\/posts\/5692\/revisions"}],"wp:featuredmedia":[{"embeddable":true,"href":"https:\/\/lavozdetodos.com.ar\/index.php?rest_route=\/wp\/v2\/media\/5694"}],"wp:attachment":[{"href":"https:\/\/lavozdetodos.com.ar\/index.php?rest_route=%2Fwp%2Fv2%2Fmedia&parent=5692"}],"wp:term":[{"taxonomy":"category","embeddable":true,"href":"https:\/\/lavozdetodos.com.ar\/index.php?rest_route=%2Fwp%2Fv2%2Fcategories&post=5692"},{"taxonomy":"post_tag","embeddable":true,"href":"https:\/\/lavozdetodos.com.ar\/index.php?rest_route=%2Fwp%2Fv2%2Ftags&post=5692"}],"curies":[{"name":"wp","href":"https:\/\/api.w.org\/{rel}","templated":true}]}}