{"id":5934,"date":"2022-12-13T22:27:24","date_gmt":"2022-12-14T01:27:24","guid":{"rendered":"https:\/\/lavozdetodos.com.ar\/?p=5934"},"modified":"2023-06-19T18:20:41","modified_gmt":"2023-06-19T21:20:41","slug":"accidente-de-transito-en-san-jose-2","status":"publish","type":"post","link":"https:\/\/lavozdetodos.com.ar\/?p=5934","title":{"rendered":"Accidente de Transito en San Jos\u00e9."},"content":{"rendered":"<p style=\"font-weight: 400;\">Durante la ma\u00f1ana de hoy, personal de Comisar\u00eda San Jos\u00e9\u00a0 intervino en un \u00a0accidente de tr\u00e1nsito ocurrido en intersecci\u00f3n de \u00a0calles 25 de Mayo y Urquiza, lugar donde por causas que se tratan de establecer una Camioneta Marca Volkswagen, Modelo Amarok, conducida por una \u00a0femenina de 61 a\u00f1os la cual\u00a0\u00a0circulaba por\u00a0 la primer arteria en sentido de Este a Oeste, colisiona a un peat\u00f3n que cruzaba desde la vereda en sentido \u00a0Oeste a Este de la segunda arteria \u00a0hacia el parterre de la \u00a0rotonda.<\/p>\n<p style=\"font-weight: 400;\">Como consecuencia esta ciudadana de 67 a\u00f1os, result\u00f3 con lesiones de Car\u00e1cter Leves.<\/p>\n<p style=\"font-weight: 400;\">Se Iniciaron Actuaciones Simples Policiales.<\/p>\n<p style=\"font-weight: 400;\">\n","protected":false},"excerpt":{"rendered":"<p>Durante la ma\u00f1ana de hoy, personal de Comisar\u00eda San Jos\u00e9\u00a0 intervino en un \u00a0accidente de tr\u00e1nsito ocurrido en intersecci\u00f3n de \u00a0calles 25 de Mayo y Urquiza, lugar donde por causas&#8230;<\/p>\n","protected":false},"author":5,"featured_media":5935,"comment_status":"closed","ping_status":"closed","sticky":false,"template":"","format":"standard","meta":{"_kad_post_transparent":"","_kad_post_title":"","_kad_post_layout":"","_kad_post_sidebar_id":"","_kad_post_content_style":"","_kad_post_vertical_padding":"","_kad_post_feature":"","_kad_post_feature_position":"","_kad_post_header":false,"_kad_post_footer":false,"_kad_post_classname":"","footnotes":""},"categories":[8,1],"tags":[],"class_list":["post-5934","post","type-post","status-publish","format-standard","has-post-thumbnail","hentry","category-locales","category-ultimas-noticias"],"_links":{"self":[{"href":"https:\/\/lavozdetodos.com.ar\/index.php?rest_route=\/wp\/v2\/posts\/5934","targetHints":{"allow":["GET"]}}],"collection":[{"href":"https:\/\/lavozdetodos.com.ar\/index.php?rest_route=\/wp\/v2\/posts"}],"about":[{"href":"https:\/\/lavozdetodos.com.ar\/index.php?rest_route=\/wp\/v2\/types\/post"}],"author":[{"embeddable":true,"href":"https:\/\/lavozdetodos.com.ar\/index.php?rest_route=\/wp\/v2\/users\/5"}],"replies":[{"embeddable":true,"href":"https:\/\/lavozdetodos.com.ar\/index.php?rest_route=%2Fwp%2Fv2%2Fcomments&post=5934"}],"version-history":[{"count":0,"href":"https:\/\/lavozdetodos.com.ar\/index.php?rest_route=\/wp\/v2\/posts\/5934\/revisions"}],"wp:featuredmedia":[{"embeddable":true,"href":"https:\/\/lavozdetodos.com.ar\/index.php?rest_route=\/wp\/v2\/media\/5935"}],"wp:attachment":[{"href":"https:\/\/lavozdetodos.com.ar\/index.php?rest_route=%2Fwp%2Fv2%2Fmedia&parent=5934"}],"wp:term":[{"taxonomy":"category","embeddable":true,"href":"https:\/\/lavozdetodos.com.ar\/index.php?rest_route=%2Fwp%2Fv2%2Fcategories&post=5934"},{"taxonomy":"post_tag","embeddable":true,"href":"https:\/\/lavozdetodos.com.ar\/index.php?rest_route=%2Fwp%2Fv2%2Ftags&post=5934"}],"curies":[{"name":"wp","href":"https:\/\/api.w.org\/{rel}","templated":true}]}}