{"id":5988,"date":"2022-12-31T20:59:04","date_gmt":"2022-12-31T23:59:04","guid":{"rendered":"https:\/\/lavozdetodos.com.ar\/?p=5988"},"modified":"2023-06-19T18:06:56","modified_gmt":"2023-06-19T21:06:56","slug":"san-jose-colision-entre-una-patrulla-y-un-auto","status":"publish","type":"post","link":"https:\/\/lavozdetodos.com.ar\/?p=5988","title":{"rendered":"San Jos\u00e9: Colisi\u00f3n entre una patrulla y un auto"},"content":{"rendered":"<p style=\"font-weight: 400;\">Se iniciaron actuaciones a ra\u00edz de un accidente de tr\u00e1nsito, ocurrido en intersecci\u00f3n de Calles Urquiza y 25 de Mayo de San Jos\u00e9, entre una patrulla, siendo esta una Volkswagen Amarok, interno JP 1489, quien fue colisionada en la puerta delantera izquierda por un Toyota Corolla, quien era conducido por un ciudadano de 71 a\u00f1os. Afortunadamente se no se registraron personas lesionadas<\/p>\n","protected":false},"excerpt":{"rendered":"<p>Se iniciaron actuaciones a ra\u00edz de un accidente de tr\u00e1nsito, ocurrido en intersecci\u00f3n de Calles Urquiza y 25 de Mayo de San Jos\u00e9, entre una patrulla, siendo esta una Volkswagen&#8230;<\/p>\n","protected":false},"author":5,"featured_media":5693,"comment_status":"closed","ping_status":"closed","sticky":false,"template":"","format":"standard","meta":{"_kad_post_transparent":"","_kad_post_title":"","_kad_post_layout":"","_kad_post_sidebar_id":"","_kad_post_content_style":"","_kad_post_vertical_padding":"","_kad_post_feature":"","_kad_post_feature_position":"","_kad_post_header":false,"_kad_post_footer":false,"_kad_post_classname":"","footnotes":""},"categories":[8,1],"tags":[],"class_list":["post-5988","post","type-post","status-publish","format-standard","has-post-thumbnail","hentry","category-locales","category-ultimas-noticias"],"_links":{"self":[{"href":"https:\/\/lavozdetodos.com.ar\/index.php?rest_route=\/wp\/v2\/posts\/5988","targetHints":{"allow":["GET"]}}],"collection":[{"href":"https:\/\/lavozdetodos.com.ar\/index.php?rest_route=\/wp\/v2\/posts"}],"about":[{"href":"https:\/\/lavozdetodos.com.ar\/index.php?rest_route=\/wp\/v2\/types\/post"}],"author":[{"embeddable":true,"href":"https:\/\/lavozdetodos.com.ar\/index.php?rest_route=\/wp\/v2\/users\/5"}],"replies":[{"embeddable":true,"href":"https:\/\/lavozdetodos.com.ar\/index.php?rest_route=%2Fwp%2Fv2%2Fcomments&post=5988"}],"version-history":[{"count":0,"href":"https:\/\/lavozdetodos.com.ar\/index.php?rest_route=\/wp\/v2\/posts\/5988\/revisions"}],"wp:featuredmedia":[{"embeddable":true,"href":"https:\/\/lavozdetodos.com.ar\/index.php?rest_route=\/wp\/v2\/media\/5693"}],"wp:attachment":[{"href":"https:\/\/lavozdetodos.com.ar\/index.php?rest_route=%2Fwp%2Fv2%2Fmedia&parent=5988"}],"wp:term":[{"taxonomy":"category","embeddable":true,"href":"https:\/\/lavozdetodos.com.ar\/index.php?rest_route=%2Fwp%2Fv2%2Fcategories&post=5988"},{"taxonomy":"post_tag","embeddable":true,"href":"https:\/\/lavozdetodos.com.ar\/index.php?rest_route=%2Fwp%2Fv2%2Ftags&post=5988"}],"curies":[{"name":"wp","href":"https:\/\/api.w.org\/{rel}","templated":true}]}}