{"id":6029,"date":"2022-12-23T21:44:54","date_gmt":"2022-12-24T00:44:54","guid":{"rendered":"https:\/\/lavozdetodos.com.ar\/?p=6029"},"modified":"2023-06-19T18:05:52","modified_gmt":"2023-06-19T21:05:52","slug":"apertura-de-sobres-en-concordia-para-una-nueva-obra-de-pavimentacion-en-pronunciamiento","status":"publish","type":"post","link":"https:\/\/lavozdetodos.com.ar\/?p=6029","title":{"rendered":"APERTURA DE SOBRES EN CONCORDIA PARA UNA NUEVA OBRA DE PAVIMENTACI\u00d3N EN PRONUNCIAMIENTO"},"content":{"rendered":"<p>En la sede central de la Comisi\u00f3n Administradora para el Fondo Especial de Salto Grande (CAFESG), ubicada en Concordia, durante la ma\u00f1ana de este jueves se llev\u00f3 adelante la apertura de sobres para la segunda etapa de la obra de pavimentaci\u00f3n articulado y r\u00edgido, luego de haberse inaugurado las calles Faustino Parera, Salvador Maci\u00e1 y Francisco Ram\u00edrez. Ser\u00e1 para la construcci\u00f3n de 360 metros lineales (2340 m2) en otro sector de la localidad.<\/p>\n<p>Durante el acto estuvo presente el intendente Ricardo Sandoval e integrantes del Cafesg. Por intermedio de la Licitaci\u00f3n Privada N\u00b0 055\/2022, la \u00fanica empresa oferente fue Grinac Movimiento de Suelos S.R.L., la misma que realiz\u00f3 los trabajos de la traza anterior mencionada. Con todo presentado, s\u00f3lo quedar\u00e1 la confirmaci\u00f3n para que sea la adjudicada de la obra.<\/p>\n","protected":false},"excerpt":{"rendered":"<p>En la sede central de la Comisi\u00f3n Administradora para el Fondo Especial de Salto Grande (CAFESG), ubicada en Concordia, durante la ma\u00f1ana de este jueves se llev\u00f3 adelante la apertura&#8230;<\/p>\n","protected":false},"author":5,"featured_media":6030,"comment_status":"closed","ping_status":"closed","sticky":false,"template":"","format":"standard","meta":{"_kad_post_transparent":"","_kad_post_title":"","_kad_post_layout":"","_kad_post_sidebar_id":"","_kad_post_content_style":"","_kad_post_vertical_padding":"","_kad_post_feature":"","_kad_post_feature_position":"","_kad_post_header":false,"_kad_post_footer":false,"_kad_post_classname":"","footnotes":""},"categories":[15,1],"tags":[],"class_list":["post-6029","post","type-post","status-publish","format-standard","has-post-thumbnail","hentry","category-provinciales","category-ultimas-noticias"],"_links":{"self":[{"href":"https:\/\/lavozdetodos.com.ar\/index.php?rest_route=\/wp\/v2\/posts\/6029","targetHints":{"allow":["GET"]}}],"collection":[{"href":"https:\/\/lavozdetodos.com.ar\/index.php?rest_route=\/wp\/v2\/posts"}],"about":[{"href":"https:\/\/lavozdetodos.com.ar\/index.php?rest_route=\/wp\/v2\/types\/post"}],"author":[{"embeddable":true,"href":"https:\/\/lavozdetodos.com.ar\/index.php?rest_route=\/wp\/v2\/users\/5"}],"replies":[{"embeddable":true,"href":"https:\/\/lavozdetodos.com.ar\/index.php?rest_route=%2Fwp%2Fv2%2Fcomments&post=6029"}],"version-history":[{"count":0,"href":"https:\/\/lavozdetodos.com.ar\/index.php?rest_route=\/wp\/v2\/posts\/6029\/revisions"}],"wp:featuredmedia":[{"embeddable":true,"href":"https:\/\/lavozdetodos.com.ar\/index.php?rest_route=\/wp\/v2\/media\/6030"}],"wp:attachment":[{"href":"https:\/\/lavozdetodos.com.ar\/index.php?rest_route=%2Fwp%2Fv2%2Fmedia&parent=6029"}],"wp:term":[{"taxonomy":"category","embeddable":true,"href":"https:\/\/lavozdetodos.com.ar\/index.php?rest_route=%2Fwp%2Fv2%2Fcategories&post=6029"},{"taxonomy":"post_tag","embeddable":true,"href":"https:\/\/lavozdetodos.com.ar\/index.php?rest_route=%2Fwp%2Fv2%2Ftags&post=6029"}],"curies":[{"name":"wp","href":"https:\/\/api.w.org\/{rel}","templated":true}]}}