{"id":6080,"date":"2023-01-09T13:49:25","date_gmt":"2023-01-09T16:49:25","guid":{"rendered":"https:\/\/lavozdetodos.com.ar\/?p=6080"},"modified":"2023-06-19T18:25:45","modified_gmt":"2023-06-19T21:25:45","slug":"despiste-en-la-autovia-gervasio-artigas","status":"publish","type":"post","link":"https:\/\/lavozdetodos.com.ar\/?p=6080","title":{"rendered":"Despiste en la autov\u00eda Gervasio Artigas"},"content":{"rendered":"<p style=\"font-weight: 400;\">En horas de la noche de la v\u00edspera\u00a0 personal de Comisar\u00eda Ubajay\u00a0 tom\u00f3 intervenci\u00f3n en un accidente \u00a0de tr\u00e1nsito, ocurrido en Autov\u00eda \u00a0Gervasio Artigas a la altura aprox. del km 207.<\/p>\n<p style=\"font-weight: 400;\">Lugar donde por causas que se \u00a0trataran de establecer una motocicleta marca Zanella modelo Patagonia Egle despista debido a una \u00a0falla de neum\u00e1tico, \u00a0por lo cual pierde el control del rodado y caen sobre la banquina Este, al momento era conducido por un joven de 36 a\u00f1os de edad, acompa\u00f1ados por una ciudadana de 35 a\u00f1os\u00a0 oriundos de Buenos Aires.<\/p>\n<p style=\"font-weight: 400;\">Como consecuencia \u00a0resultaron con lesiones \u00a0de car\u00e1cter leves.<\/p>\n<p style=\"font-weight: 400;\">Se iniciaron Actuaciones simples Policiales.<\/p>\n<p style=\"font-weight: 400;\">\n","protected":false},"excerpt":{"rendered":"<p>En horas de la noche de la v\u00edspera\u00a0 personal de Comisar\u00eda Ubajay\u00a0 tom\u00f3 intervenci\u00f3n en un accidente \u00a0de tr\u00e1nsito, ocurrido en Autov\u00eda \u00a0Gervasio Artigas a la altura aprox. del km&#8230;<\/p>\n","protected":false},"author":5,"featured_media":6081,"comment_status":"closed","ping_status":"closed","sticky":false,"template":"","format":"standard","meta":{"_kad_post_transparent":"","_kad_post_title":"","_kad_post_layout":"","_kad_post_sidebar_id":"","_kad_post_content_style":"","_kad_post_vertical_padding":"","_kad_post_feature":"","_kad_post_feature_position":"","_kad_post_header":false,"_kad_post_footer":false,"_kad_post_classname":"","footnotes":""},"categories":[8,1],"tags":[],"class_list":["post-6080","post","type-post","status-publish","format-standard","has-post-thumbnail","hentry","category-locales","category-ultimas-noticias"],"_links":{"self":[{"href":"https:\/\/lavozdetodos.com.ar\/index.php?rest_route=\/wp\/v2\/posts\/6080","targetHints":{"allow":["GET"]}}],"collection":[{"href":"https:\/\/lavozdetodos.com.ar\/index.php?rest_route=\/wp\/v2\/posts"}],"about":[{"href":"https:\/\/lavozdetodos.com.ar\/index.php?rest_route=\/wp\/v2\/types\/post"}],"author":[{"embeddable":true,"href":"https:\/\/lavozdetodos.com.ar\/index.php?rest_route=\/wp\/v2\/users\/5"}],"replies":[{"embeddable":true,"href":"https:\/\/lavozdetodos.com.ar\/index.php?rest_route=%2Fwp%2Fv2%2Fcomments&post=6080"}],"version-history":[{"count":0,"href":"https:\/\/lavozdetodos.com.ar\/index.php?rest_route=\/wp\/v2\/posts\/6080\/revisions"}],"wp:featuredmedia":[{"embeddable":true,"href":"https:\/\/lavozdetodos.com.ar\/index.php?rest_route=\/wp\/v2\/media\/6081"}],"wp:attachment":[{"href":"https:\/\/lavozdetodos.com.ar\/index.php?rest_route=%2Fwp%2Fv2%2Fmedia&parent=6080"}],"wp:term":[{"taxonomy":"category","embeddable":true,"href":"https:\/\/lavozdetodos.com.ar\/index.php?rest_route=%2Fwp%2Fv2%2Fcategories&post=6080"},{"taxonomy":"post_tag","embeddable":true,"href":"https:\/\/lavozdetodos.com.ar\/index.php?rest_route=%2Fwp%2Fv2%2Ftags&post=6080"}],"curies":[{"name":"wp","href":"https:\/\/api.w.org\/{rel}","templated":true}]}}