{"id":6093,"date":"2023-01-10T14:05:43","date_gmt":"2023-01-10T17:05:43","guid":{"rendered":"https:\/\/lavozdetodos.com.ar\/?p=6093"},"modified":"2023-06-19T18:25:55","modified_gmt":"2023-06-19T21:25:55","slug":"incendio-en-zona-rural-del-ejido-colon-ruta-135-detras-de-escuela-nro-4","status":"publish","type":"post","link":"https:\/\/lavozdetodos.com.ar\/?p=6093","title":{"rendered":"Incendio en zona rural del ejido Col\u00f3n ( ruta 135 detr\u00e1s de escuela Nro. 4 )"},"content":{"rendered":"<p style=\"font-weight: 400;\">En horas de la tarde de la fecha se iniciaron actuaciones preliminares de oficio policial, a los fines de establecer formas y circunstancias en que se iniciara un foco \u00edgneo en una zona rural.<\/p>\n<p style=\"font-weight: 400;\">En el lugar intervinieron efectivos del comando radioel\u00e9ctrico junto con personal de Bomberos Voluntarios de Col\u00f3n, quienes luego de un impresionante despliegue por varias horas de trabajo incansable lograron sofocar un incendio de grandes dimensiones que abarc\u00f3 un radio de cinco hect\u00e1reas aproximadamente.<\/p>\n<p style=\"font-weight: 400;\">Como saldo de lo ocurrido tres propiedades fueron destruidas en tu totalidad como as\u00ed tambi\u00e9n cuatro veh\u00edculos antiguos, una motocicleta, siendo afectada una cuarta vivienda, \u00fanicamente en el per\u00edmetro de la misma sin llegar a alcanzarla.<\/p>\n<p style=\"font-weight: 400;\">Habiendo tomado conocimiento la Fiscal de turno Dra. MICAELA DI PRETORO, imparti\u00f3 las \u00f3rdenes respectivas, dando intervenci\u00f3n a personal de BOMBEROS ZAPADORES para que realice las pericias de rigor.<\/p>\n","protected":false},"excerpt":{"rendered":"<p>En horas de la tarde de la fecha se iniciaron actuaciones preliminares de oficio policial, a los fines de establecer formas y circunstancias en que se iniciara un foco \u00edgneo&#8230;<\/p>\n","protected":false},"author":5,"featured_media":6094,"comment_status":"closed","ping_status":"closed","sticky":false,"template":"","format":"standard","meta":{"_kad_post_transparent":"","_kad_post_title":"","_kad_post_layout":"","_kad_post_sidebar_id":"","_kad_post_content_style":"","_kad_post_vertical_padding":"","_kad_post_feature":"","_kad_post_feature_position":"","_kad_post_header":false,"_kad_post_footer":false,"_kad_post_classname":"","footnotes":""},"categories":[8,1],"tags":[],"class_list":["post-6093","post","type-post","status-publish","format-standard","has-post-thumbnail","hentry","category-locales","category-ultimas-noticias"],"_links":{"self":[{"href":"https:\/\/lavozdetodos.com.ar\/index.php?rest_route=\/wp\/v2\/posts\/6093","targetHints":{"allow":["GET"]}}],"collection":[{"href":"https:\/\/lavozdetodos.com.ar\/index.php?rest_route=\/wp\/v2\/posts"}],"about":[{"href":"https:\/\/lavozdetodos.com.ar\/index.php?rest_route=\/wp\/v2\/types\/post"}],"author":[{"embeddable":true,"href":"https:\/\/lavozdetodos.com.ar\/index.php?rest_route=\/wp\/v2\/users\/5"}],"replies":[{"embeddable":true,"href":"https:\/\/lavozdetodos.com.ar\/index.php?rest_route=%2Fwp%2Fv2%2Fcomments&post=6093"}],"version-history":[{"count":0,"href":"https:\/\/lavozdetodos.com.ar\/index.php?rest_route=\/wp\/v2\/posts\/6093\/revisions"}],"wp:featuredmedia":[{"embeddable":true,"href":"https:\/\/lavozdetodos.com.ar\/index.php?rest_route=\/wp\/v2\/media\/6094"}],"wp:attachment":[{"href":"https:\/\/lavozdetodos.com.ar\/index.php?rest_route=%2Fwp%2Fv2%2Fmedia&parent=6093"}],"wp:term":[{"taxonomy":"category","embeddable":true,"href":"https:\/\/lavozdetodos.com.ar\/index.php?rest_route=%2Fwp%2Fv2%2Fcategories&post=6093"},{"taxonomy":"post_tag","embeddable":true,"href":"https:\/\/lavozdetodos.com.ar\/index.php?rest_route=%2Fwp%2Fv2%2Ftags&post=6093"}],"curies":[{"name":"wp","href":"https:\/\/api.w.org\/{rel}","templated":true}]}}