{"id":7344,"date":"2023-12-01T12:19:59","date_gmt":"2023-12-01T15:19:59","guid":{"rendered":"https:\/\/lavozdetodos.com.ar\/?p=7344"},"modified":"2024-11-12T14:09:55","modified_gmt":"2024-11-12T17:09:55","slug":"se-completa-el-ultimo-tramo-de-cordon-cuneta-sobre-calle-churruarin-en-villa-elisa","status":"publish","type":"post","link":"https:\/\/lavozdetodos.com.ar\/?p=7344","title":{"rendered":"Se completa el \u00faltimo tramo de cord\u00f3n cuneta sobre calle Churruar\u00edn en Villa Elisa"},"content":{"rendered":"<div class=\"et_pb_module et_pb_post_title et_pb_post_title_0_tb_body et_pb_bg_layout_light  et_pb_text_align_left\">\n<div class=\"et_pb_title_container\">\n<p class=\"et_pb_title_meta_container\"><span class=\"published\">Dic 1, 2023<\/span>\u00a0|\u00a0Obras P\u00fablicas<\/p>\n<\/div>\n<\/div>\n<div class=\"et_pb_module et_pb_post_content et_pb_post_content_0_tb_body post-content-spacing\">\n<p><strong><em>Culminada esta obra, la cuadrilla se trasladar\u00eda la pr\u00f3xima semana a calle Supremo Entrerriano para comenzar all\u00ed con la construcci\u00f3n de 400 metros lineales de cord\u00f3n cuneta.<\/em><\/strong><\/p>\n<p>Personal Municipal contin\u00faa sumando metros a la obra de cord\u00f3n cuneta sobre Bv. Churruar\u00edn al 1500, zona Centro Saboya.<span id=\"more-259170\"><\/span><\/p>\n<p>Sobre este bulevar se completa con hormig\u00f3n el \u00faltimo tramo de la obra. Recordemos que en este sector fue prevista la construcci\u00f3n de 200 metros de\u00a0cord\u00f3n, con el objeto de mejorar el escurrimiento del agua en d\u00edas de lluvia, facilitar el acceso a las viviendas y contribuir al mejoramiento general de las condiciones del barrio.<\/p>\n<p>Adem\u00e1s, cabe resaltar que a la obra de cord\u00f3n cuenta se sum\u00f3 la reconstrucci\u00f3n del bad\u00e9n de Churruar\u00edn y Emilio Francou, mejorando su transitabilidad.<\/p>\n<p>Estos metros de cord\u00f3n se suman a las 10 cuadras ejecutadas en esa zona\u00a0sobre calles\u00a0Saboya, Emilio Francou, Tratado del Pilar, Cepeda, Valais y parte de Avenida Urquiza.<\/p>\n<p>Culminada esta obra, la cuadrilla se trasladar\u00eda la pr\u00f3xima semana a calle Supremo Entrerriano para comenzar all\u00ed con la construcci\u00f3n de 400 metros lineales de cord\u00f3n cuneta.<\/p>\n<\/div>\n","protected":false},"excerpt":{"rendered":"<p>Dic 1, 2023\u00a0|\u00a0Obras P\u00fablicas Culminada esta obra, la cuadrilla se trasladar\u00eda la pr\u00f3xima semana a calle Supremo Entrerriano para comenzar all\u00ed con la construcci\u00f3n de 400 metros lineales de cord\u00f3n&#8230;<\/p>\n","protected":false},"author":5,"featured_media":7345,"comment_status":"closed","ping_status":"closed","sticky":false,"template":"","format":"standard","meta":{"_kad_post_transparent":"","_kad_post_title":"","_kad_post_layout":"","_kad_post_sidebar_id":"","_kad_post_content_style":"","_kad_post_vertical_padding":"","_kad_post_feature":"","_kad_post_feature_position":"","_kad_post_header":false,"_kad_post_footer":false,"_kad_post_classname":"","footnotes":""},"categories":[8,1],"tags":[],"class_list":["post-7344","post","type-post","status-publish","format-standard","has-post-thumbnail","hentry","category-locales","category-ultimas-noticias"],"_links":{"self":[{"href":"https:\/\/lavozdetodos.com.ar\/index.php?rest_route=\/wp\/v2\/posts\/7344","targetHints":{"allow":["GET"]}}],"collection":[{"href":"https:\/\/lavozdetodos.com.ar\/index.php?rest_route=\/wp\/v2\/posts"}],"about":[{"href":"https:\/\/lavozdetodos.com.ar\/index.php?rest_route=\/wp\/v2\/types\/post"}],"author":[{"embeddable":true,"href":"https:\/\/lavozdetodos.com.ar\/index.php?rest_route=\/wp\/v2\/users\/5"}],"replies":[{"embeddable":true,"href":"https:\/\/lavozdetodos.com.ar\/index.php?rest_route=%2Fwp%2Fv2%2Fcomments&post=7344"}],"version-history":[{"count":1,"href":"https:\/\/lavozdetodos.com.ar\/index.php?rest_route=\/wp\/v2\/posts\/7344\/revisions"}],"predecessor-version":[{"id":8249,"href":"https:\/\/lavozdetodos.com.ar\/index.php?rest_route=\/wp\/v2\/posts\/7344\/revisions\/8249"}],"wp:featuredmedia":[{"embeddable":true,"href":"https:\/\/lavozdetodos.com.ar\/index.php?rest_route=\/wp\/v2\/media\/7345"}],"wp:attachment":[{"href":"https:\/\/lavozdetodos.com.ar\/index.php?rest_route=%2Fwp%2Fv2%2Fmedia&parent=7344"}],"wp:term":[{"taxonomy":"category","embeddable":true,"href":"https:\/\/lavozdetodos.com.ar\/index.php?rest_route=%2Fwp%2Fv2%2Fcategories&post=7344"},{"taxonomy":"post_tag","embeddable":true,"href":"https:\/\/lavozdetodos.com.ar\/index.php?rest_route=%2Fwp%2Fv2%2Ftags&post=7344"}],"curies":[{"name":"wp","href":"https:\/\/api.w.org\/{rel}","templated":true}]}}