{"id":7434,"date":"2024-01-25T18:42:14","date_gmt":"2024-01-25T21:42:14","guid":{"rendered":"https:\/\/lavozdetodos.com.ar\/?p=7434"},"modified":"2024-11-12T14:09:34","modified_gmt":"2024-11-12T17:09:34","slug":"en-recorridas-preventivas-se-intercepto-a-un-masculino-con-pedido-de-detencion","status":"publish","type":"post","link":"https:\/\/lavozdetodos.com.ar\/?p=7434","title":{"rendered":"En recorridas preventivas se intercept\u00f3 a un masculino con pedido de detenci\u00f3n."},"content":{"rendered":"<p>En la noche de ayer, durante un rutinario patrullaje de prevenci\u00f3n, el personal policial procedi\u00f3 a interceptar a tres individuos que se negaron a proporcionar datos fiables. Como resultado de esta acci\u00f3n, fueron trasladados a la Jefatura Departamental Col\u00f3n para su correcta identificaci\u00f3n.<\/p>\n<p>Los individuos en cuesti\u00f3n fueron identificados como un ciudadano boliviano de 42 a\u00f1os, con domicilio en Col\u00f3n, otro de 26 a\u00f1os tambi\u00e9n domiciliado en la misma localidad, y un masculino de 30 a\u00f1os con residencia en C\u00f3rdoba.<\/p>\n<p>Tras exhaustivas verificaciones, se consult\u00f3 el sistema, revelando que el sujeto de 30 a\u00f1os ten\u00eda un pedido de detenci\u00f3n activo desde diciembre de 2019, en el marco de una causa en tr\u00e1mite ante el Juzgado de Instrucci\u00f3n N\u00ba 6, Secretar\u00eda N\u00ba 2 de la Provincia de Misiones.<\/p>\n<p>Luego de informar la novedad a las autoridades judiciales han dispuesto el ARRESTO PREVENTIVO del individuo en cuesti\u00f3n, quien permanecer\u00e1 alojado en esta Jefatura hasta que se resuelva su situaci\u00f3n legal.<\/p>\n","protected":false},"excerpt":{"rendered":"<p>En la noche de ayer, durante un rutinario patrullaje de prevenci\u00f3n, el personal policial procedi\u00f3 a interceptar a tres individuos que se negaron a proporcionar datos fiables. Como resultado de&#8230;<\/p>\n","protected":false},"author":5,"featured_media":7435,"comment_status":"closed","ping_status":"closed","sticky":false,"template":"","format":"standard","meta":{"_kad_post_transparent":"","_kad_post_title":"","_kad_post_layout":"","_kad_post_sidebar_id":"","_kad_post_content_style":"","_kad_post_vertical_padding":"","_kad_post_feature":"","_kad_post_feature_position":"","_kad_post_header":false,"_kad_post_footer":false,"_kad_post_classname":"","footnotes":""},"categories":[8,1],"tags":[],"class_list":["post-7434","post","type-post","status-publish","format-standard","has-post-thumbnail","hentry","category-locales","category-ultimas-noticias"],"_links":{"self":[{"href":"https:\/\/lavozdetodos.com.ar\/index.php?rest_route=\/wp\/v2\/posts\/7434","targetHints":{"allow":["GET"]}}],"collection":[{"href":"https:\/\/lavozdetodos.com.ar\/index.php?rest_route=\/wp\/v2\/posts"}],"about":[{"href":"https:\/\/lavozdetodos.com.ar\/index.php?rest_route=\/wp\/v2\/types\/post"}],"author":[{"embeddable":true,"href":"https:\/\/lavozdetodos.com.ar\/index.php?rest_route=\/wp\/v2\/users\/5"}],"replies":[{"embeddable":true,"href":"https:\/\/lavozdetodos.com.ar\/index.php?rest_route=%2Fwp%2Fv2%2Fcomments&post=7434"}],"version-history":[{"count":1,"href":"https:\/\/lavozdetodos.com.ar\/index.php?rest_route=\/wp\/v2\/posts\/7434\/revisions"}],"predecessor-version":[{"id":8211,"href":"https:\/\/lavozdetodos.com.ar\/index.php?rest_route=\/wp\/v2\/posts\/7434\/revisions\/8211"}],"wp:featuredmedia":[{"embeddable":true,"href":"https:\/\/lavozdetodos.com.ar\/index.php?rest_route=\/wp\/v2\/media\/7435"}],"wp:attachment":[{"href":"https:\/\/lavozdetodos.com.ar\/index.php?rest_route=%2Fwp%2Fv2%2Fmedia&parent=7434"}],"wp:term":[{"taxonomy":"category","embeddable":true,"href":"https:\/\/lavozdetodos.com.ar\/index.php?rest_route=%2Fwp%2Fv2%2Fcategories&post=7434"},{"taxonomy":"post_tag","embeddable":true,"href":"https:\/\/lavozdetodos.com.ar\/index.php?rest_route=%2Fwp%2Fv2%2Ftags&post=7434"}],"curies":[{"name":"wp","href":"https:\/\/api.w.org\/{rel}","templated":true}]}}