{"id":7448,"date":"2024-02-05T18:59:44","date_gmt":"2024-02-05T21:59:44","guid":{"rendered":"https:\/\/lavozdetodos.com.ar\/?p=7448"},"modified":"2024-11-12T14:09:34","modified_gmt":"2024-11-12T17:09:34","slug":"allanamiento-culmino-con-una-detencion-y-secuestros","status":"publish","type":"post","link":"https:\/\/lavozdetodos.com.ar\/?p=7448","title":{"rendered":"Allanamiento culmin\u00f3 con  una Detenci\u00f3n y Secuestros."},"content":{"rendered":"<p style=\"font-weight: 400;\">En una operaci\u00f3n conjunta realizada en horas de la noche de este domingo, el personal de la Divisi\u00f3n de Toxicolog\u00eda\u00a0 y \u00a0la Secci\u00f3n Guardia Especial de\u00a0 Jefatura, procedieron a dar cumplimiento con un Mandamiento, \u00a0proveniente del Juzgado de Garant\u00edas, en una finca ubicada en \u00a0calle 17 de Agosto del Barrio el Brillante.<\/p>\n<p style=\"font-weight: 400;\">Como resultado de este procedimiento, se logr\u00f3 el formal\u00a0secuestro\u00a0de sustancia\u00a0estupefaciente, espec\u00edficamente coca\u00edna, as\u00ed como recortes de nylon, aparatos de telefon\u00eda celular, una suma considerable de dinero en efectivo, una balanza digital.<\/p>\n<p style=\"font-weight: 400;\">Una vez concluida la operaci\u00f3n, se inform\u00f3 al fiscal interviniente, quien dictamin\u00f3 la detenci\u00f3n de un hombre de 44 a\u00f1os de edad.<\/p>\n","protected":false},"excerpt":{"rendered":"<p>En una operaci\u00f3n conjunta realizada en horas de la noche de este domingo, el personal de la Divisi\u00f3n de Toxicolog\u00eda\u00a0 y \u00a0la Secci\u00f3n Guardia Especial de\u00a0 Jefatura, procedieron a dar&#8230;<\/p>\n","protected":false},"author":5,"featured_media":7449,"comment_status":"closed","ping_status":"closed","sticky":false,"template":"","format":"standard","meta":{"_kad_post_transparent":"","_kad_post_title":"","_kad_post_layout":"","_kad_post_sidebar_id":"","_kad_post_content_style":"","_kad_post_vertical_padding":"","_kad_post_feature":"","_kad_post_feature_position":"","_kad_post_header":false,"_kad_post_footer":false,"_kad_post_classname":"","footnotes":""},"categories":[8,1],"tags":[],"class_list":["post-7448","post","type-post","status-publish","format-standard","has-post-thumbnail","hentry","category-locales","category-ultimas-noticias"],"_links":{"self":[{"href":"https:\/\/lavozdetodos.com.ar\/index.php?rest_route=\/wp\/v2\/posts\/7448","targetHints":{"allow":["GET"]}}],"collection":[{"href":"https:\/\/lavozdetodos.com.ar\/index.php?rest_route=\/wp\/v2\/posts"}],"about":[{"href":"https:\/\/lavozdetodos.com.ar\/index.php?rest_route=\/wp\/v2\/types\/post"}],"author":[{"embeddable":true,"href":"https:\/\/lavozdetodos.com.ar\/index.php?rest_route=\/wp\/v2\/users\/5"}],"replies":[{"embeddable":true,"href":"https:\/\/lavozdetodos.com.ar\/index.php?rest_route=%2Fwp%2Fv2%2Fcomments&post=7448"}],"version-history":[{"count":1,"href":"https:\/\/lavozdetodos.com.ar\/index.php?rest_route=\/wp\/v2\/posts\/7448\/revisions"}],"predecessor-version":[{"id":8205,"href":"https:\/\/lavozdetodos.com.ar\/index.php?rest_route=\/wp\/v2\/posts\/7448\/revisions\/8205"}],"wp:featuredmedia":[{"embeddable":true,"href":"https:\/\/lavozdetodos.com.ar\/index.php?rest_route=\/wp\/v2\/media\/7449"}],"wp:attachment":[{"href":"https:\/\/lavozdetodos.com.ar\/index.php?rest_route=%2Fwp%2Fv2%2Fmedia&parent=7448"}],"wp:term":[{"taxonomy":"category","embeddable":true,"href":"https:\/\/lavozdetodos.com.ar\/index.php?rest_route=%2Fwp%2Fv2%2Fcategories&post=7448"},{"taxonomy":"post_tag","embeddable":true,"href":"https:\/\/lavozdetodos.com.ar\/index.php?rest_route=%2Fwp%2Fv2%2Ftags&post=7448"}],"curies":[{"name":"wp","href":"https:\/\/api.w.org\/{rel}","templated":true}]}}