{"id":7674,"date":"2024-04-26T18:54:31","date_gmt":"2024-04-26T21:54:31","guid":{"rendered":"https:\/\/lavozdetodos.com.ar\/?p=7674"},"modified":"2024-11-12T14:08:56","modified_gmt":"2024-11-12T17:08:56","slug":"villa-elisa-potencia-su-promocion-turistica","status":"publish","type":"post","link":"https:\/\/lavozdetodos.com.ar\/?p=7674","title":{"rendered":"Villa Elisa potencia su promoci\u00f3n tur\u00edstica"},"content":{"rendered":"<p><em>La campa\u00f1a surge a partir de criterios aunados entre la Municipalidad de Villa Elisa, Termas Villa Elisa y CATURVE.<\/em><\/p>\n<p>Con vistas a potenciar el posicionamiento de Villa Elisa como destino tur\u00edstico 2024 se lanz\u00f3 una Campa\u00f1a Digital \u201cTE LO MEREC\u00c9S\u201d, Mayo de beneficios.<span id=\"more-262449\"><\/span><\/p>\n<p>Esta campa\u00f1a surge a partir de criterios aunados entre la Municipalidad de Villa Elisa, Termas Villa Elisa y CATURVE (C\u00e1mara de Turismo de Villa Elisa).<\/p>\n<p>Durante el mes de mayo del corriente a\u00f1o, el p\u00fablico podr\u00e1 disfrutar de los siguientes beneficios:<\/p>\n<p>\ufe0f\u00a0\ud835\udfef\u00a0\ud835\ude05\u00a0\ud835\udfee\u00a0\ud835\uddf2\ud835\uddfb\u00a0\ud835\uddd4\ud835\udddf\ud835\udde2\ud835\udddd\ud835\uddd4\ud835\udde0\ud835\udddc\ud835\uddd8\ud835\udde1\ud835\udde7\ud835\udde2\ud835\udde6<\/p>\n<p>Reserv\u00e1 2 noches y la tercera va de regalo.<\/p>\n<p>Consult\u00e1 los establecimientos adheridos.\u00a0\u00a0<a href=\"https:\/\/villaelisa.tur.ar\/listado-de-alojamientos-finde-3x2\/\" data-saferedirecturl=\"https:\/\/www.google.com\/url?q=https:\/\/villaelisa.tur.ar\/listado-de-alojamientos-finde-3x2\/&amp;source=gmail&amp;ust=1714226101239000&amp;usg=AOvVaw2cMiXyjX_zPcnfzhpB9nOL\">https:\/\/villaelisa.tur.ar\/listado-de-alojamientos-finde-3\u00d72\/<\/a><\/p>\n<p>Promoci\u00f3n no acumulable a otro beneficio.<\/p>\n<p>\ufe0f\u00a0\ud835\udfed\ud835\udfec%\u00a0\ud835\uddf1\ud835\uddf2\u00a0\ud835\uddf1\ud835\uddf2\ud835\ude00\ud835\uddf0\ud835\ude02\ud835\uddf2\ud835\uddfb\ud835\ude01\ud835\uddfc\u00a0\ud835\uddf2\ud835\uddfb\u00a0\ud835\uddda\ud835\uddd4\ud835\udde6\ud835\udde7\ud835\udde5\ud835\udde2\ud835\udde1\ud835\udde2\ud835\udde0\ud835\udddc\u0301\ud835\uddd4<\/p>\n<p>Presentando la Tarjeta de la C\u00e1mara de Turismo Villa Elisa (CATURVE) en los locales gastron\u00f3micos adheridos obten\u00e9s un 10% de descuento en el total de la cuenta.<\/p>\n<p>Consult\u00e1 los establecimientos adheridos.<\/p>\n<p><a href=\"https:\/\/villaelisa.tur.ar\/gastronomiapromos\/\" data-saferedirecturl=\"https:\/\/www.google.com\/url?q=https:\/\/villaelisa.tur.ar\/gastronomiapromos\/&amp;source=gmail&amp;ust=1714226101239000&amp;usg=AOvVaw300whNm1mYl_4949ZsD-NX\">https:\/\/villaelisa.tur.ar\/gastronomiapromos\/<\/a><\/p>\n<p>Promoci\u00f3n no acumulable a otro beneficio.<\/p>\n<p>\ufe0f\u00a0\ud835\uddd7\ud835\uddf2\ud835\ude00\ud835\uddf0\ud835\ude02\ud835\uddf2\ud835\uddfb\ud835\ude01\ud835\uddfc\ud835\ude00\u00a0\ud835\uddf2\ud835\uddfb\u00a0\ud835\uddf2\ud835\uddfb\ud835\ude01\ud835\uddff\ud835\uddee\ud835\uddf1\ud835\uddee\ud835\ude00\u00a0\ud835\uddee\u00a0\ud835\udde7\ud835\uddf2\ud835\uddff\ud835\uddfa\ud835\uddee\ud835\ude00\u00a0\ud835\udde9\ud835\uddf6\ud835\uddf9\ud835\uddf9\ud835\uddee\u00a0\ud835\uddd8\ud835\uddf9\ud835\uddf6\ud835\ude00\ud835\uddee<\/p>\n<p>LUNES de descuentos, 50% Off durante Abril y Mayo: si visitas el complejo los fines de semana, pod\u00e9s ingresar al lunes pr\u00f3ximo siguiente abonando tan s\u00f3lo el 50% de los valores de cada entrada. Para acceder al beneficio ten\u00e9s que presentar el ticket del d\u00eda de visita (s\u00e1bado o domingo previo).<\/p>\n<p>10% de descuento sobre el total del ticket de Acceso al Complejo, aloj\u00e1ndote en la ciudad y presentando la factura del alojamiento.<\/p>\n<p>20% de descuento sobre el total del ticket de Acceso al Complejo, presentando la Tarjeta de la C\u00e1mara de Turismo (CATURVE) + la factura del alojamiento.<\/p>\n<p>Descuentos no acumulables entre s\u00ed.<\/p>\n<p>El objetivo es articular una estrategia com\u00fan entre el sector p\u00fablico y privado que permita optimizar esfuerzos y recursos en pos de un mismo objetivo.<\/p>\n","protected":false},"excerpt":{"rendered":"<p>La campa\u00f1a surge a partir de criterios aunados entre la Municipalidad de Villa Elisa, Termas Villa Elisa y CATURVE. Con vistas a potenciar el posicionamiento de Villa Elisa como destino&#8230;<\/p>\n","protected":false},"author":5,"featured_media":7675,"comment_status":"closed","ping_status":"closed","sticky":false,"template":"","format":"standard","meta":{"_kad_post_transparent":"","_kad_post_title":"","_kad_post_layout":"","_kad_post_sidebar_id":"","_kad_post_content_style":"","_kad_post_vertical_padding":"","_kad_post_feature":"","_kad_post_feature_position":"","_kad_post_header":false,"_kad_post_footer":false,"_kad_post_classname":"","footnotes":""},"categories":[8,1],"tags":[],"class_list":["post-7674","post","type-post","status-publish","format-standard","has-post-thumbnail","hentry","category-locales","category-ultimas-noticias"],"_links":{"self":[{"href":"https:\/\/lavozdetodos.com.ar\/index.php?rest_route=\/wp\/v2\/posts\/7674","targetHints":{"allow":["GET"]}}],"collection":[{"href":"https:\/\/lavozdetodos.com.ar\/index.php?rest_route=\/wp\/v2\/posts"}],"about":[{"href":"https:\/\/lavozdetodos.com.ar\/index.php?rest_route=\/wp\/v2\/types\/post"}],"author":[{"embeddable":true,"href":"https:\/\/lavozdetodos.com.ar\/index.php?rest_route=\/wp\/v2\/users\/5"}],"replies":[{"embeddable":true,"href":"https:\/\/lavozdetodos.com.ar\/index.php?rest_route=%2Fwp%2Fv2%2Fcomments&post=7674"}],"version-history":[{"count":1,"href":"https:\/\/lavozdetodos.com.ar\/index.php?rest_route=\/wp\/v2\/posts\/7674\/revisions"}],"predecessor-version":[{"id":8148,"href":"https:\/\/lavozdetodos.com.ar\/index.php?rest_route=\/wp\/v2\/posts\/7674\/revisions\/8148"}],"wp:featuredmedia":[{"embeddable":true,"href":"https:\/\/lavozdetodos.com.ar\/index.php?rest_route=\/wp\/v2\/media\/7675"}],"wp:attachment":[{"href":"https:\/\/lavozdetodos.com.ar\/index.php?rest_route=%2Fwp%2Fv2%2Fmedia&parent=7674"}],"wp:term":[{"taxonomy":"category","embeddable":true,"href":"https:\/\/lavozdetodos.com.ar\/index.php?rest_route=%2Fwp%2Fv2%2Fcategories&post=7674"},{"taxonomy":"post_tag","embeddable":true,"href":"https:\/\/lavozdetodos.com.ar\/index.php?rest_route=%2Fwp%2Fv2%2Ftags&post=7674"}],"curies":[{"name":"wp","href":"https:\/\/api.w.org\/{rel}","templated":true}]}}