{"id":7707,"date":"2024-05-29T12:46:10","date_gmt":"2024-05-29T15:46:10","guid":{"rendered":"https:\/\/lavozdetodos.com.ar\/?p=7707"},"modified":"2024-11-12T14:08:56","modified_gmt":"2024-11-12T17:08:56","slug":"el-caps-las-montoneras-de-pronunciamiento-presento-la-puesta-en-marcha-del-analisis-de-situacion-de-salud","status":"publish","type":"post","link":"https:\/\/lavozdetodos.com.ar\/?p=7707","title":{"rendered":"EL CAPS LAS MONTONERAS DE PRONUNCIAMIENTO PRESENT\u00d3 LA PUESTA EN MARCHA DEL AN\u00c1LISIS DE SITUACI\u00d3N DE SALUD"},"content":{"rendered":"<p><strong>\u00a0La herramienta es una propuesta de trabajo integral sobre las m\u00faltiples causas que configuran la situaci\u00f3n de salud de nuestra poblaci\u00f3n. Se identificar\u00e1n los problemas de salud existentes para analizar sus causas, efectos y asign\u00e1ndoles un orden de prioridad.<\/strong><\/p>\n<p>Con la participaci\u00f3n de los diferentes actores sociales de la comunidad, el Centro de Atenci\u00f3n Primaria \u00abLas Montoneras\u00bb realiz\u00f3 este martes una presentaci\u00f3n sobre la metodolog\u00eda para el An\u00e1lisis de Situaci\u00f3n de la Salud (ASIS). El director del CAPS, Dr. Ernesto Vilches, estuvo a cargo de la exposici\u00f3n llevada adelante en la sala del Honorable Concejo Deliberante; en ese marco, puso en contexto el tema de la Salud en el pa\u00eds a lo largo de la historia y brind\u00f3 precisiones acerca de esta investigaci\u00f3n cl\u00ednica, epidemiol\u00f3gica y social representada en el ASIS.<\/p>\n<p>\u2705\u00a0En l\u00edneas generales, la puesta en pr\u00e1ctica del ASIS permite identificar los problemas de salud en la comunidad y a la vez dar cuenta del grado de prioridad que se debe tener en la toma de decisiones, con el fin de orientar y elaborar acciones que contribuyan a la soluci\u00f3n. Para ello, estudiantes y vecinos realizar\u00e1n encuestas (similares al censo) en los hogares de Pronunciamiento para recolectar toda la informaci\u00f3n necesaria que permita un an\u00e1lisis preciso de la situaci\u00f3n.<\/p>\n<p>\ud83d\udc65\u00a0En la mesa que ha acompa\u00f1ado al director de \u00abLas Montoneras\u00bb estuvieron el intendente Ricardo Sandoval, la viceintendenta Marcela Dallazuana, el diputado provincial Silvio Gallay, la doctora Aixa Mart\u00ednez y los enfermeros Mat\u00edas Cabral y Rosa Morel. En este proceso es imprescindible el trabajo interdisciplinario y la pluralidad de voces de la comunidad, por lo que tambi\u00e9n es necesario destacar que hayan estado presentes las distintas instituciones (Polic\u00eda, Bomberos y Centro de Jubilados), representantes de los bloques de concejales, de las \u00e1reas del Ejecutivo y vecinos en general.<\/p>\n","protected":false},"excerpt":{"rendered":"<p>\u00a0La herramienta es una propuesta de trabajo integral sobre las m\u00faltiples causas que configuran la situaci\u00f3n de salud de nuestra poblaci\u00f3n. Se identificar\u00e1n los problemas de salud existentes para analizar&#8230;<\/p>\n","protected":false},"author":5,"featured_media":7708,"comment_status":"closed","ping_status":"closed","sticky":false,"template":"","format":"standard","meta":{"_kad_post_transparent":"","_kad_post_title":"","_kad_post_layout":"","_kad_post_sidebar_id":"","_kad_post_content_style":"","_kad_post_vertical_padding":"","_kad_post_feature":"","_kad_post_feature_position":"","_kad_post_header":false,"_kad_post_footer":false,"_kad_post_classname":"","footnotes":""},"categories":[15,1],"tags":[],"class_list":["post-7707","post","type-post","status-publish","format-standard","has-post-thumbnail","hentry","category-provinciales","category-ultimas-noticias"],"_links":{"self":[{"href":"https:\/\/lavozdetodos.com.ar\/index.php?rest_route=\/wp\/v2\/posts\/7707","targetHints":{"allow":["GET"]}}],"collection":[{"href":"https:\/\/lavozdetodos.com.ar\/index.php?rest_route=\/wp\/v2\/posts"}],"about":[{"href":"https:\/\/lavozdetodos.com.ar\/index.php?rest_route=\/wp\/v2\/types\/post"}],"author":[{"embeddable":true,"href":"https:\/\/lavozdetodos.com.ar\/index.php?rest_route=\/wp\/v2\/users\/5"}],"replies":[{"embeddable":true,"href":"https:\/\/lavozdetodos.com.ar\/index.php?rest_route=%2Fwp%2Fv2%2Fcomments&post=7707"}],"version-history":[{"count":1,"href":"https:\/\/lavozdetodos.com.ar\/index.php?rest_route=\/wp\/v2\/posts\/7707\/revisions"}],"predecessor-version":[{"id":8134,"href":"https:\/\/lavozdetodos.com.ar\/index.php?rest_route=\/wp\/v2\/posts\/7707\/revisions\/8134"}],"wp:featuredmedia":[{"embeddable":true,"href":"https:\/\/lavozdetodos.com.ar\/index.php?rest_route=\/wp\/v2\/media\/7708"}],"wp:attachment":[{"href":"https:\/\/lavozdetodos.com.ar\/index.php?rest_route=%2Fwp%2Fv2%2Fmedia&parent=7707"}],"wp:term":[{"taxonomy":"category","embeddable":true,"href":"https:\/\/lavozdetodos.com.ar\/index.php?rest_route=%2Fwp%2Fv2%2Fcategories&post=7707"},{"taxonomy":"post_tag","embeddable":true,"href":"https:\/\/lavozdetodos.com.ar\/index.php?rest_route=%2Fwp%2Fv2%2Ftags&post=7707"}],"curies":[{"name":"wp","href":"https:\/\/api.w.org\/{rel}","templated":true}]}}