{"id":7758,"date":"2024-06-18T19:41:38","date_gmt":"2024-06-18T22:41:38","guid":{"rendered":"https:\/\/lavozdetodos.com.ar\/?p=7758"},"modified":"2024-11-12T14:07:34","modified_gmt":"2024-11-12T17:07:34","slug":"quedo-detenido-por-hurto-en-flagrancia","status":"publish","type":"post","link":"https:\/\/lavozdetodos.com.ar\/?p=7758","title":{"rendered":"QUED\u00d3 DETENIDO POR HURTO EN FLAGRANCIA."},"content":{"rendered":"<p style=\"font-weight: 400;\">En las primeras horas de esta madrugada, personal policial que se encontraba realizando patrullajes rutinarios en las inmediaciones de las calles Tucum\u00e1n y Esteva Berga \u00a0de la ciudad de Col\u00f3n, detectaron a \u00a0un grupo de \u00a0individuos que al ver la presencia de los uniformados se dieron a la fuga, logrando la aprehensi\u00f3n de un joven de 19 a\u00f1os de edad que llevaba una silla de ruedas;\u00a0 que al momento de \u00a0su identificaci\u00f3n, se descubri\u00f3 que dicho elemento pertenec\u00eda al Hospital Local.<\/p>\n<p style=\"font-weight: 400;\">Una vez se inform\u00f3 lo acontecido a la Fiscal de Turno, dispuso que el hombre sea detenido \u00a0y alojado en las instalaciones de esta Jefatura, por el delito de Hurto en Flagrancia y en cuanto al elemento incautado sea formalmente secuestrado y posteriormente \u00a0entregado al nosocomio de esta ciudad.<\/p>\n","protected":false},"excerpt":{"rendered":"<p>En las primeras horas de esta madrugada, personal policial que se encontraba realizando patrullajes rutinarios en las inmediaciones de las calles Tucum\u00e1n y Esteva Berga \u00a0de la ciudad de Col\u00f3n,&#8230;<\/p>\n","protected":false},"author":5,"featured_media":7759,"comment_status":"closed","ping_status":"closed","sticky":false,"template":"","format":"standard","meta":{"_kad_post_transparent":"","_kad_post_title":"","_kad_post_layout":"","_kad_post_sidebar_id":"","_kad_post_content_style":"","_kad_post_vertical_padding":"","_kad_post_feature":"","_kad_post_feature_position":"","_kad_post_header":false,"_kad_post_footer":false,"_kad_post_classname":"","footnotes":""},"categories":[8,1],"tags":[],"class_list":["post-7758","post","type-post","status-publish","format-standard","has-post-thumbnail","hentry","category-locales","category-ultimas-noticias"],"_links":{"self":[{"href":"https:\/\/lavozdetodos.com.ar\/index.php?rest_route=\/wp\/v2\/posts\/7758","targetHints":{"allow":["GET"]}}],"collection":[{"href":"https:\/\/lavozdetodos.com.ar\/index.php?rest_route=\/wp\/v2\/posts"}],"about":[{"href":"https:\/\/lavozdetodos.com.ar\/index.php?rest_route=\/wp\/v2\/types\/post"}],"author":[{"embeddable":true,"href":"https:\/\/lavozdetodos.com.ar\/index.php?rest_route=\/wp\/v2\/users\/5"}],"replies":[{"embeddable":true,"href":"https:\/\/lavozdetodos.com.ar\/index.php?rest_route=%2Fwp%2Fv2%2Fcomments&post=7758"}],"version-history":[{"count":1,"href":"https:\/\/lavozdetodos.com.ar\/index.php?rest_route=\/wp\/v2\/posts\/7758\/revisions"}],"predecessor-version":[{"id":8108,"href":"https:\/\/lavozdetodos.com.ar\/index.php?rest_route=\/wp\/v2\/posts\/7758\/revisions\/8108"}],"wp:featuredmedia":[{"embeddable":true,"href":"https:\/\/lavozdetodos.com.ar\/index.php?rest_route=\/wp\/v2\/media\/7759"}],"wp:attachment":[{"href":"https:\/\/lavozdetodos.com.ar\/index.php?rest_route=%2Fwp%2Fv2%2Fmedia&parent=7758"}],"wp:term":[{"taxonomy":"category","embeddable":true,"href":"https:\/\/lavozdetodos.com.ar\/index.php?rest_route=%2Fwp%2Fv2%2Fcategories&post=7758"},{"taxonomy":"post_tag","embeddable":true,"href":"https:\/\/lavozdetodos.com.ar\/index.php?rest_route=%2Fwp%2Fv2%2Ftags&post=7758"}],"curies":[{"name":"wp","href":"https:\/\/api.w.org\/{rel}","templated":true}]}}