{"id":9388,"date":"2025-01-30T12:59:34","date_gmt":"2025-01-30T15:59:34","guid":{"rendered":"https:\/\/lavozdetodos.com.ar\/?p=9388"},"modified":"2025-02-13T17:44:56","modified_gmt":"2025-02-13T20:44:56","slug":"la-salud-mental-es-abordada-en-el-caps-villa-elisa","status":"publish","type":"post","link":"https:\/\/lavozdetodos.com.ar\/?p=9388","title":{"rendered":"La salud mental es abordada en el CAPS Villa Elisa"},"content":{"rendered":"<p><em>El espacio de atenci\u00f3n est\u00e1 a cargo del Lic. Nicol\u00e1s Marino y Lic. Pamela Morat<\/em><\/p>\n<p>Entre los servicios m\u00e9dicos disponibles en el CAPS Villa Elisa se mantiene tres veces a la semana la atenci\u00f3n en Psicolog\u00eda.<span id=\"more-270767\"><\/span><\/p>\n<p>Este espacio est\u00e1 a cargo de los profesionales Lic. Nicol\u00e1s Marino y Lic. Pamela Morat.<\/p>\n<p>Se trata de una especialidad m\u00e9dica con una elevada demanda actual cuyos tratamientos son de mediano y largo plazo.<\/p>\n<p>No obstante, se puede consultar disponibilidad de turnos personalmente en el Centro de Salud (Bv. Schroeder y Los Pinos) o al tel\u00e9fono 3447 416984.<\/p>\n<p>Al igual que en el resto de las prestaciones, se prioriza el acceso de aquellas personas sin obra social.<\/p>\n<p>Por otra parte, desde la Administraci\u00f3n del CAPS se comunica que desde el 3 al 14 de febrero no se prestar\u00e1 el servicio de enfermer\u00eda por vacaciones. Tampoco se atender\u00e1 el tel\u00e9fono durante esos d\u00edas.<\/p>\n","protected":false},"excerpt":{"rendered":"<p>El espacio de atenci\u00f3n est\u00e1 a cargo del Lic. Nicol\u00e1s Marino y Lic. Pamela Morat Entre los servicios m\u00e9dicos disponibles en el CAPS Villa Elisa se mantiene tres veces a&#8230;<\/p>\n","protected":false},"author":5,"featured_media":9389,"comment_status":"closed","ping_status":"closed","sticky":false,"template":"","format":"standard","meta":{"_kad_post_transparent":"","_kad_post_title":"","_kad_post_layout":"","_kad_post_sidebar_id":"","_kad_post_content_style":"","_kad_post_vertical_padding":"","_kad_post_feature":"","_kad_post_feature_position":"","_kad_post_header":false,"_kad_post_footer":false,"_kad_post_classname":"","footnotes":""},"categories":[8,1],"tags":[],"class_list":["post-9388","post","type-post","status-publish","format-standard","has-post-thumbnail","hentry","category-locales","category-ultimas-noticias"],"_links":{"self":[{"href":"https:\/\/lavozdetodos.com.ar\/index.php?rest_route=\/wp\/v2\/posts\/9388","targetHints":{"allow":["GET"]}}],"collection":[{"href":"https:\/\/lavozdetodos.com.ar\/index.php?rest_route=\/wp\/v2\/posts"}],"about":[{"href":"https:\/\/lavozdetodos.com.ar\/index.php?rest_route=\/wp\/v2\/types\/post"}],"author":[{"embeddable":true,"href":"https:\/\/lavozdetodos.com.ar\/index.php?rest_route=\/wp\/v2\/users\/5"}],"replies":[{"embeddable":true,"href":"https:\/\/lavozdetodos.com.ar\/index.php?rest_route=%2Fwp%2Fv2%2Fcomments&post=9388"}],"version-history":[{"count":1,"href":"https:\/\/lavozdetodos.com.ar\/index.php?rest_route=\/wp\/v2\/posts\/9388\/revisions"}],"predecessor-version":[{"id":9390,"href":"https:\/\/lavozdetodos.com.ar\/index.php?rest_route=\/wp\/v2\/posts\/9388\/revisions\/9390"}],"wp:featuredmedia":[{"embeddable":true,"href":"https:\/\/lavozdetodos.com.ar\/index.php?rest_route=\/wp\/v2\/media\/9389"}],"wp:attachment":[{"href":"https:\/\/lavozdetodos.com.ar\/index.php?rest_route=%2Fwp%2Fv2%2Fmedia&parent=9388"}],"wp:term":[{"taxonomy":"category","embeddable":true,"href":"https:\/\/lavozdetodos.com.ar\/index.php?rest_route=%2Fwp%2Fv2%2Fcategories&post=9388"},{"taxonomy":"post_tag","embeddable":true,"href":"https:\/\/lavozdetodos.com.ar\/index.php?rest_route=%2Fwp%2Fv2%2Ftags&post=9388"}],"curies":[{"name":"wp","href":"https:\/\/api.w.org\/{rel}","templated":true}]}}