{"id":9696,"date":"2025-02-18T20:11:26","date_gmt":"2025-02-18T23:11:26","guid":{"rendered":"https:\/\/lavozdetodos.com.ar\/?p=9696"},"modified":"2025-02-18T20:11:26","modified_gmt":"2025-02-18T23:11:26","slug":"se-recupero-motocicleta-con-pedido-de-secuestro-por-robo","status":"publish","type":"post","link":"https:\/\/lavozdetodos.com.ar\/?p=9696","title":{"rendered":"SE RECUPER\u00d3 MOTOCICLETA CON PEDIDO DE SECUESTRO POR ROBO"},"content":{"rendered":"<p style=\"font-weight: 400\">En horas de la madrugada, personal policial realiz\u00f3 una intervenci\u00f3n que culmin\u00f3 con el secuestro de una motocicleta que presentaba un requerimiento judicial por haber sido denunciada como sustra\u00edda en diciembre de 2022.<\/p>\n<p style=\"font-weight: 400\">El hecho se registr\u00f3 luego de que un llamado en donde alert\u00f3 sobre la presencia de un motoveh\u00edculo en una vivienda ubicada sobre calle Sarmiento al 400, en la ciudad de Col\u00f3n. Atento a ello, una vez \u00a0en el lugar, el personal actuante constat\u00f3 que se trataba de una motocicleta marca Yamaha, modelo Crypton.<\/p>\n<p style=\"font-weight: 400\">Al realizar las verificaciones correspondientes, se corrobor\u00f3 que dicho rodado contaba con un pedido de secuestro vigente, emanado por la justicia, en el marco de una denuncia por hurto radicada en diciembre del a\u00f1o 2022 en la ciudad de Concepci\u00f3n del Uruguay.<\/p>\n<p style=\"font-weight: 400\">Ante esta situaci\u00f3n, se puso en conocimiento a la Unidad Fiscal de Col\u00f3n, que dispuso el inmediato secuestro de la motocicleta, a fin de continuar con las diligencias pertinentes y establecer posteriores responsabilidades en torno al hecho.<\/p>\n","protected":false},"excerpt":{"rendered":"<p>En horas de la madrugada, personal policial realiz\u00f3 una intervenci\u00f3n que culmin\u00f3 con el secuestro de una motocicleta que presentaba un requerimiento judicial por haber sido denunciada como sustra\u00edda en&#8230;<\/p>\n","protected":false},"author":5,"featured_media":9697,"comment_status":"closed","ping_status":"closed","sticky":false,"template":"","format":"standard","meta":{"_kad_post_transparent":"","_kad_post_title":"","_kad_post_layout":"","_kad_post_sidebar_id":"","_kad_post_content_style":"","_kad_post_vertical_padding":"","_kad_post_feature":"","_kad_post_feature_position":"","_kad_post_header":false,"_kad_post_footer":false,"_kad_post_classname":"","footnotes":""},"categories":[8,1],"tags":[],"class_list":["post-9696","post","type-post","status-publish","format-standard","has-post-thumbnail","hentry","category-locales","category-ultimas-noticias"],"_links":{"self":[{"href":"https:\/\/lavozdetodos.com.ar\/index.php?rest_route=\/wp\/v2\/posts\/9696","targetHints":{"allow":["GET"]}}],"collection":[{"href":"https:\/\/lavozdetodos.com.ar\/index.php?rest_route=\/wp\/v2\/posts"}],"about":[{"href":"https:\/\/lavozdetodos.com.ar\/index.php?rest_route=\/wp\/v2\/types\/post"}],"author":[{"embeddable":true,"href":"https:\/\/lavozdetodos.com.ar\/index.php?rest_route=\/wp\/v2\/users\/5"}],"replies":[{"embeddable":true,"href":"https:\/\/lavozdetodos.com.ar\/index.php?rest_route=%2Fwp%2Fv2%2Fcomments&post=9696"}],"version-history":[{"count":1,"href":"https:\/\/lavozdetodos.com.ar\/index.php?rest_route=\/wp\/v2\/posts\/9696\/revisions"}],"predecessor-version":[{"id":9698,"href":"https:\/\/lavozdetodos.com.ar\/index.php?rest_route=\/wp\/v2\/posts\/9696\/revisions\/9698"}],"wp:featuredmedia":[{"embeddable":true,"href":"https:\/\/lavozdetodos.com.ar\/index.php?rest_route=\/wp\/v2\/media\/9697"}],"wp:attachment":[{"href":"https:\/\/lavozdetodos.com.ar\/index.php?rest_route=%2Fwp%2Fv2%2Fmedia&parent=9696"}],"wp:term":[{"taxonomy":"category","embeddable":true,"href":"https:\/\/lavozdetodos.com.ar\/index.php?rest_route=%2Fwp%2Fv2%2Fcategories&post=9696"},{"taxonomy":"post_tag","embeddable":true,"href":"https:\/\/lavozdetodos.com.ar\/index.php?rest_route=%2Fwp%2Fv2%2Ftags&post=9696"}],"curies":[{"name":"wp","href":"https:\/\/api.w.org\/{rel}","templated":true}]}}